{"id":10152,"date":"2025-11-14T19:07:11","date_gmt":"2025-11-14T19:07:11","guid":{"rendered":"https:\/\/skolski-puls.com.hr\/?p=10152"},"modified":"2025-11-14T19:09:36","modified_gmt":"2025-11-14T19:09:36","slug":"dina-patrcevic-nagradena-na-natjecaju-oboji-svijet","status":"publish","type":"post","link":"https:\/\/skolski-puls.com.hr\/?p=10152","title":{"rendered":"Dina Patr\u010devi\u0107 nagra\u0111ena na natje\u010daju &#8220;Oboji svijet&#8221;"},"content":{"rendered":"<p>Ususret Me\u0111unarodnom danu tolerancije nagra\u0111eno je 27 u\u010deni\u010dkih radova petnaestog natje\u010daja <strong>\u201eOboji svijet\u201d<\/strong> u organizaciji Foruma za slobodu odgoja.<\/p>\n<p>Na natje\u010daj je bilo prijavljeno <strong>255 u\u010deni\u010dkih radova iz 126 \u0161kola<\/strong>. Djeca i mladi progovarali\u00a0 su o njima najva\u017enijim temama: slobodi, jednakosti, razli\u010ditostima, prijateljstvu, empatiji, solidarnosti i aktivnom gra\u0111anstvu. Mladi su dobili priliku da ih se \u010duje, da poka\u017eu kreativnost i odgovornost prema zajednici.<\/p>\n<p><span data-teams=\"true\">Rad u\u010denice IV. osnovne \u0161kole Vara\u017edin <strong>Dine Patr\u010devi\u0107<\/strong> nagra\u0111en je na ovogodi\u0161njem natje\u010daju.<\/span><\/p>\n<p class=\"wp-block-heading\"><strong>Oslobodi se, budi svoj<\/strong><\/p>\n<p>U\u010denica 6. b razreda<strong> Dina Patr\u010devi\u0107<\/strong> sudjelovala je uz mentorstvo u\u010diteljice <strong>Manuele Drk.<\/strong><strong><br \/>\n<\/strong>PORUKA RADA: \u010cesto mi se \u010dini da izgled i trendovi previ\u0161e zna\u010de. Kao da drugi odlu\u010duju tko smo i \u0161to bismo trebali voljeti. Mislim da je va\u017eno osloboditi se toga i biti svoj \u2013 onakav kakav stvarno jesi.<\/p>\n<p>&nbsp;<\/p>\n","protected":false},"excerpt":{"rendered":"<p>Ususret Me\u0111unarodnom danu tolerancije nagra\u0111eno je 27 u\u010deni\u010dkih radova petnaestog natje\u010daja \u201eOboji svijet\u201d u organizaciji Foruma za slobodu odgoja. Na natje\u010daj je bilo prijavljeno 255 u\u010deni\u010dkih radova iz 126 \u0161kola. Djeca i mladi progovarali\u00a0 su o njima najva\u017enijim temama: slobodi, jednakosti, razli\u010ditostima, prijateljstvu, empatiji, solidarnosti i aktivnom gra\u0111anstvu. Mladi su dobili priliku da ih se [&hellip;]<\/p>\n","protected":false},"author":2,"featured_media":10153,"comment_status":"open","ping_status":"open","sticky":false,"template":"","format":"standard","meta":{"footnotes":""},"categories":[14,13],"tags":[],"class_list":["post-10152","post","type-post","status-publish","format-standard","has-post-thumbnail","hentry","category-iz-skolskog-hodnika","category-radovi-ucenika"],"_links":{"self":[{"href":"https:\/\/skolski-puls.com.hr\/index.php?rest_route=\/wp\/v2\/posts\/10152","targetHints":{"allow":["GET"]}}],"collection":[{"href":"https:\/\/skolski-puls.com.hr\/index.php?rest_route=\/wp\/v2\/posts"}],"about":[{"href":"https:\/\/skolski-puls.com.hr\/index.php?rest_route=\/wp\/v2\/types\/post"}],"author":[{"embeddable":true,"href":"https:\/\/skolski-puls.com.hr\/index.php?rest_route=\/wp\/v2\/users\/2"}],"replies":[{"embeddable":true,"href":"https:\/\/skolski-puls.com.hr\/index.php?rest_route=%2Fwp%2Fv2%2Fcomments&post=10152"}],"version-history":[{"count":2,"href":"https:\/\/skolski-puls.com.hr\/index.php?rest_route=\/wp\/v2\/posts\/10152\/revisions"}],"predecessor-version":[{"id":10155,"href":"https:\/\/skolski-puls.com.hr\/index.php?rest_route=\/wp\/v2\/posts\/10152\/revisions\/10155"}],"wp:featuredmedia":[{"embeddable":true,"href":"https:\/\/skolski-puls.com.hr\/index.php?rest_route=\/wp\/v2\/media\/10153"}],"wp:attachment":[{"href":"https:\/\/skolski-puls.com.hr\/index.php?rest_route=%2Fwp%2Fv2%2Fmedia&parent=10152"}],"wp:term":[{"taxonomy":"category","embeddable":true,"href":"https:\/\/skolski-puls.com.hr\/index.php?rest_route=%2Fwp%2Fv2%2Fcategories&post=10152"},{"taxonomy":"post_tag","embeddable":true,"href":"https:\/\/skolski-puls.com.hr\/index.php?rest_route=%2Fwp%2Fv2%2Ftags&post=10152"}],"curies":[{"name":"wp","href":"https:\/\/api.w.org\/{rel}","templated":true}]}}