{"id":1143,"date":"2017-12-14T08:03:08","date_gmt":"2017-12-14T08:03:08","guid":{"rendered":"http:\/\/skolski-puls.com.hr\/?p=1143"},"modified":"2017-12-22T10:01:35","modified_gmt":"2017-12-22T10:01:35","slug":"odrzan-2-poesieabend-u-donjoj-voci","status":"publish","type":"post","link":"https:\/\/skolski-puls.com.hr\/?p=1143","title":{"rendered":"Odr\u017ean 2. Poesieabend u Donjoj Vo\u0107i"},"content":{"rendered":"<p>U petak, 8. prosinca 2017., u\u010denice IV. O\u0160 Laura Goti\u0107 i Anna Lechner su pod vodstvom u\u010diteljice Sare Mlakar prisustvovale na ve\u010deri poezije na njema\u010dkom jeziku naziva 2. Poesieabend u O\u0160 A.K.Mio\u0161i\u0107a u Donjoj Vo\u0107i. Na njemu su sudjelovali u\u010denici iz cijele Hrvatske pa \u010dak i neki u\u010denici iz Slovenije. Pjesme svih u\u010denika bile su odli\u010dne kao i nastupi izme\u0111u pjesma. Svi u\u010ditelji i u\u010denici bili su iznimno ljubazni i sve je bilo vrlo lijepo organizirano.<\/p>\n<p><a href=\"http:\/\/skolski-puls.com.hr\/wp-content\/uploads\/2017\/12\/Poesieheft-2017.pdf\">Poesieheft 2017<\/a><\/p>\n<p>Anna Lechner<\/p>\n<div id='gallery-1' class='gallery galleryid-1143 gallery-columns-3 gallery-size-thumbnail'><figure class='gallery-item'>\n\t\t\t<div class='gallery-icon portrait'>\n\t\t\t\t<a href='https:\/\/skolski-puls.com.hr\/wp-content\/uploads\/2017\/12\/IMG_9219.jpg'><img loading=\"lazy\" decoding=\"async\" width=\"150\" height=\"150\" src=\"https:\/\/skolski-puls.com.hr\/wp-content\/uploads\/2017\/12\/IMG_9219-150x150.jpg\" class=\"attachment-thumbnail size-thumbnail\" alt=\"\" \/><\/a>\n\t\t\t<\/div><\/figure><figure class='gallery-item'>\n\t\t\t<div class='gallery-icon portrait'>\n\t\t\t\t<a href='https:\/\/skolski-puls.com.hr\/wp-content\/uploads\/2017\/12\/IMG_9220.jpg'><img loading=\"lazy\" decoding=\"async\" width=\"150\" height=\"150\" src=\"https:\/\/skolski-puls.com.hr\/wp-content\/uploads\/2017\/12\/IMG_9220-150x150.jpg\" class=\"attachment-thumbnail size-thumbnail\" alt=\"\" \/><\/a>\n\t\t\t<\/div><\/figure>\n\t\t<\/div>\n\n","protected":false},"excerpt":{"rendered":"<p>U petak, 8. prosinca 2017., u\u010denice IV. O\u0160 Laura Goti\u0107 i Anna Lechner su pod vodstvom u\u010diteljice Sare Mlakar prisustvovale na ve\u010deri poezije na njema\u010dkom jeziku naziva 2. Poesieabend u O\u0160 A.K.Mio\u0161i\u0107a u Donjoj Vo\u0107i. Na njemu su sudjelovali u\u010denici iz cijele Hrvatske pa \u010dak i neki u\u010denici iz Slovenije. Pjesme svih u\u010denika bile su [&hellip;]<\/p>\n","protected":false},"author":2,"featured_media":1145,"comment_status":"open","ping_status":"open","sticky":false,"template":"","format":"standard","meta":{"footnotes":""},"categories":[14],"tags":[],"class_list":["post-1143","post","type-post","status-publish","format-standard","has-post-thumbnail","hentry","category-iz-skolskog-hodnika"],"_links":{"self":[{"href":"https:\/\/skolski-puls.com.hr\/index.php?rest_route=\/wp\/v2\/posts\/1143","targetHints":{"allow":["GET"]}}],"collection":[{"href":"https:\/\/skolski-puls.com.hr\/index.php?rest_route=\/wp\/v2\/posts"}],"about":[{"href":"https:\/\/skolski-puls.com.hr\/index.php?rest_route=\/wp\/v2\/types\/post"}],"author":[{"embeddable":true,"href":"https:\/\/skolski-puls.com.hr\/index.php?rest_route=\/wp\/v2\/users\/2"}],"replies":[{"embeddable":true,"href":"https:\/\/skolski-puls.com.hr\/index.php?rest_route=%2Fwp%2Fv2%2Fcomments&post=1143"}],"version-history":[{"count":5,"href":"https:\/\/skolski-puls.com.hr\/index.php?rest_route=\/wp\/v2\/posts\/1143\/revisions"}],"predecessor-version":[{"id":1187,"href":"https:\/\/skolski-puls.com.hr\/index.php?rest_route=\/wp\/v2\/posts\/1143\/revisions\/1187"}],"wp:featuredmedia":[{"embeddable":true,"href":"https:\/\/skolski-puls.com.hr\/index.php?rest_route=\/wp\/v2\/media\/1145"}],"wp:attachment":[{"href":"https:\/\/skolski-puls.com.hr\/index.php?rest_route=%2Fwp%2Fv2%2Fmedia&parent=1143"}],"wp:term":[{"taxonomy":"category","embeddable":true,"href":"https:\/\/skolski-puls.com.hr\/index.php?rest_route=%2Fwp%2Fv2%2Fcategories&post=1143"},{"taxonomy":"post_tag","embeddable":true,"href":"https:\/\/skolski-puls.com.hr\/index.php?rest_route=%2Fwp%2Fv2%2Ftags&post=1143"}],"curies":[{"name":"wp","href":"https:\/\/api.w.org\/{rel}","templated":true}]}}