{"id":11669,"date":"2026-08-31T16:00:17","date_gmt":"2026-08-31T16:00:17","guid":{"rendered":"https:\/\/skolski-puls.com.hr\/?p=11669"},"modified":"2026-08-31T16:00:17","modified_gmt":"2026-08-31T16:00:17","slug":"projekt-tulum-slova-na-cetvrtoj","status":"publish","type":"post","link":"https:\/\/skolski-puls.com.hr\/?p=11669","title":{"rendered":"Projekt Tulum s(l)ova na \u010cetvrtoj"},"content":{"rendered":"<p><strong>Tulum s(l)ova<\/strong> je projekt poticanja \u010ditanja naglas iz u\u017eitka. On je spoj no\u0107nih \u010ditateljskih susreta u \u0161kolskim knji\u017enicama i \u010ditanja na javnim mjestima, ustanovama, udrugama i sl., a namijenjen je u\u010denicima 7. i 8. razreda osnovne \u0161kole te 1. i 2. razredima srednje \u0161kole jer je to razdoblje \u017eivota kada prestaju redovitije \u010ditati. \u00a0To je zajedni\u010dki projekt O\u0160 Ivana Kukuljevi\u0107a Sakcinskog, Hrvatske mre\u017ee \u0161kolskih knji\u017eni\u010dara i Hrvatske udruge \u0161kolskih knji\u017eni\u010dara koji se od 2011. provodi u \u0161kolskim knji\u017enicama.<\/p>\n<p>Ciljevi projekta: jedan od najbitnijih ciljeva je ja\u010danje pozitivnog stava u\u010denika prema \u010ditanju i promoviranje \u010ditanja iz u\u017eitka te razvijanjem navike \u010ditanja iz u\u017eitka olak\u0161ati u\u010denicima\u00a0 razvoj vje\u0161tine informacijskog \u010ditanja koje je preduvjet za uspje\u0161an \u017eivot i adaptaciju za cjelo\u017eivotno u\u010denje. No\u0107ni \u010ditateljski susreti odvijaju se u\u017eivo i online, a obavezni dio susreta \u010dine ceremonijalno \u010ditanje za sudionike iz vlastite \u0161kolske knji\u017enice te dru\u017eenje s u\u010denicima drugih \u0161kolskih knji\u017enica preko komunikacijskih servisa.<\/p>\n<p>U petak, 21. studenoga 2025., u knji\u017enici IV. osnovne \u0161kole Vara\u017edin odr\u017ean je <a href=\"https:\/\/os-cetvrta-vz.skole.hr\/tulum-slova\/\">no\u0107ni \u010ditateljski susret<\/a> za u\u010denike vi\u0161ih razreda u sklopu projekta Tulum s(l)ova, koji poti\u010de \u010ditanje iz u\u017eitka. Susret je zapo\u010deo video pozivom sa \u0161kolom O\u0160 \u201cDrago Gervais\u201d iz Bre\u0161ca, gdje su u\u010denici predstavili svoje \u0161kole i upoznavali se, predstavili su program no\u0107nog \u010ditateljskog susreta te razmijenili znanja o kajkavskom i \u010dakavskom narje\u010dju. \u00a0U sklopu ve\u010deri odr\u017ean je i kviz znanja Kviskoteka, \u010dime su u\u010denici odali po\u010dast nekad popularnom televizijskom kvizu, a pobjedni\u010dki tim je simboli\u010dno nagra\u0111en.<\/p>\n<p>Nakon kviza, u\u010denici su u opu\u0161tenoj atmosferi \u010ditali ulomke iz odabranih knjiga, komentiraju\u0107i \u0161to im se svidjelo, uz svije\u0107e, lampice i tople napitke. Filmski dio programa uklju\u010divao je projekciju filma <em>Buntovnica <\/em>povodom Me\u0111unarodnog dana djeteta, \u0161to je dodatno obogatilo susret.<\/p>\n<p>U\u010denici su sudjelovali i u javnim \u010ditanjima.<\/p>\n<p>Prvo javno \u010ditanje imali smo na 47. Me\u0111unarodnom sajmu knjiga Interliber u srijedu 12. studenoga prilikom jednodnevnog izleta u Zagreb gdje su u\u010denici vi\u0161ih razreda IV. O\u0160 Vara\u017edin osim Interlibera posjetili i Hrvatsku narodnu banku. Ispred 5. paviljona \u010ditali su u\u010denici 7. razreda : Ana Jakopec, Gabrijela Cepanec, Roko Petra\u010d, Marija Papec i Helena Cepanec. Odabrali su ulomke iz knjiga &#8216;Petrin pin&#8217;, &#8216;Zmajevi koji ne let&#8217;e i &#8216;Dje\u010dak, krtica, lisica i konj&#8217;.<\/p>\n<p>Tijekom bo\u017ei\u0107nih praznika bili smo marljivi i iskoristili bajkovitu atmosferu u na\u0161em gradu te odr\u017eali 2. \u010ditanje u lokalnoj zajednici. U\u010denici 7. a i c razreda, Marija, Roko i Ivan \u010ditali su naglas dvije prigodne slikovnice. &#8216;\u0160to je bubamara \u010dula za Bo\u017ei\u0107&#8217; i &#8216;Vina i zima&#8217; privukle su obitelji s djecom pa su zastali i poslu\u0161ali ove dvije zimske pri\u010de. Poslije smo se zagrijali uz \u0161alicu toplog \u010daja.<\/p>\n<p>U\u010denici osmih razreda IV. O\u0160 Vara\u017edin u pratnji svojih razrednica te \u0161kolske knji\u017eni\u010darke bili su na terenskoj nastavi u Vukovaru. Tijekom prvog dana obi\u0161li smo i Vukovarski vodotoranj. Na Vukovarskom vodotornju, simbolu stradanja grada i otpora kojeg je pru\u017eao tijekom Domovinskog rata, imali smo 3. javno \u010ditanje. U\u010denici 8. b razreda, Jan i Matej, \u010ditali su osma\u0161ima i prisutnim posjetiteljima tekstove iz zbirke &#8216;Pri\u010de iz Vukovara&#8217; Sini\u0161e Glava\u0161evi\u0107a, hrvatskog novinara i ratnog izvjestitelja iz Vukovara. Glava\u0161evi\u0107eve poruke ljubavi i \u010dovje\u010dnosti odzvanjale su vodotornjem, podsje\u0107aju\u0107i sve prisutne na cijenu slobode.<\/p>\n<p>U vrijeme zasipanja s mno\u0161tvom najrazli\u010ditijim informacijama, suvremeni se \u010dovjek uz nedovoljno razvijenu razinu pismenosti osje\u0107a obeshrabreno. \u010citanje iz u\u017eitka mo\u017ee bez zadr\u0161ke razviti razinu pismenosti pa je potrebno promovirati upravo takav na\u010din \u010ditanja.<\/p>\n<p>Kroz projekt smo nau\u010dili da \u010ditanje mo\u017ee biti zabavno, edukativno i povezivati razli\u010dite generacije i da je potrebno i va\u017eno kod mladih poticati stvaranje navike \u010ditanja iz u\u017eitka u ugodnom okru\u017eenju.<\/p>\n<p>&nbsp;<\/p>\n<p>Marina Mavrek<\/p>\n<div id='gallery-1' class='gallery galleryid-11669 gallery-columns-3 gallery-size-thumbnail'><figure class='gallery-item'>\n\t\t\t<div class='gallery-icon landscape'>\n\t\t\t\t<a href='https:\/\/skolski-puls.com.hr\/wp-content\/uploads\/2026\/08\/2-8.jpg'><img loading=\"lazy\" decoding=\"async\" width=\"150\" height=\"150\" src=\"https:\/\/skolski-puls.com.hr\/wp-content\/uploads\/2026\/08\/2-8-150x150.jpg\" class=\"attachment-thumbnail size-thumbnail\" alt=\"\" \/><\/a>\n\t\t\t<\/div><\/figure><figure class='gallery-item'>\n\t\t\t<div class='gallery-icon landscape'>\n\t\t\t\t<a href='https:\/\/skolski-puls.com.hr\/wp-content\/uploads\/2026\/08\/3-6.jpg'><img loading=\"lazy\" decoding=\"async\" width=\"150\" height=\"150\" src=\"https:\/\/skolski-puls.com.hr\/wp-content\/uploads\/2026\/08\/3-6-150x150.jpg\" class=\"attachment-thumbnail size-thumbnail\" alt=\"\" \/><\/a>\n\t\t\t<\/div><\/figure><figure class='gallery-item'>\n\t\t\t<div class='gallery-icon landscape'>\n\t\t\t\t<a href='https:\/\/skolski-puls.com.hr\/wp-content\/uploads\/2026\/08\/4-6.jpg'><img loading=\"lazy\" decoding=\"async\" width=\"150\" height=\"150\" src=\"https:\/\/skolski-puls.com.hr\/wp-content\/uploads\/2026\/08\/4-6-150x150.jpg\" class=\"attachment-thumbnail size-thumbnail\" alt=\"\" \/><\/a>\n\t\t\t<\/div><\/figure><figure class='gallery-item'>\n\t\t\t<div class='gallery-icon landscape'>\n\t\t\t\t<a href='https:\/\/skolski-puls.com.hr\/wp-content\/uploads\/2026\/08\/1-6.jpg'><img loading=\"lazy\" decoding=\"async\" width=\"150\" height=\"150\" src=\"https:\/\/skolski-puls.com.hr\/wp-content\/uploads\/2026\/08\/1-6-150x150.jpg\" class=\"attachment-thumbnail size-thumbnail\" alt=\"\" \/><\/a>\n\t\t\t<\/div><\/figure>\n\t\t<\/div>\n\n","protected":false},"excerpt":{"rendered":"<p>Tulum s(l)ova je projekt poticanja \u010ditanja naglas iz u\u017eitka. On je spoj no\u0107nih \u010ditateljskih susreta u \u0161kolskim knji\u017enicama i \u010ditanja na javnim mjestima, ustanovama, udrugama i sl., a namijenjen je u\u010denicima 7. i 8. razreda osnovne \u0161kole te 1. i 2. razredima srednje \u0161kole jer je to razdoblje \u017eivota kada prestaju redovitije \u010ditati. \u00a0To je [&hellip;]<\/p>\n","protected":false},"author":2,"featured_media":11673,"comment_status":"open","ping_status":"open","sticky":false,"template":"","format":"standard","meta":{"footnotes":""},"categories":[15],"tags":[],"class_list":["post-11669","post","type-post","status-publish","format-standard","has-post-thumbnail","hentry","category-projekti"],"_links":{"self":[{"href":"https:\/\/skolski-puls.com.hr\/index.php?rest_route=\/wp\/v2\/posts\/11669","targetHints":{"allow":["GET"]}}],"collection":[{"href":"https:\/\/skolski-puls.com.hr\/index.php?rest_route=\/wp\/v2\/posts"}],"about":[{"href":"https:\/\/skolski-puls.com.hr\/index.php?rest_route=\/wp\/v2\/types\/post"}],"author":[{"embeddable":true,"href":"https:\/\/skolski-puls.com.hr\/index.php?rest_route=\/wp\/v2\/users\/2"}],"replies":[{"embeddable":true,"href":"https:\/\/skolski-puls.com.hr\/index.php?rest_route=%2Fwp%2Fv2%2Fcomments&post=11669"}],"version-history":[{"count":1,"href":"https:\/\/skolski-puls.com.hr\/index.php?rest_route=\/wp\/v2\/posts\/11669\/revisions"}],"predecessor-version":[{"id":11674,"href":"https:\/\/skolski-puls.com.hr\/index.php?rest_route=\/wp\/v2\/posts\/11669\/revisions\/11674"}],"wp:featuredmedia":[{"embeddable":true,"href":"https:\/\/skolski-puls.com.hr\/index.php?rest_route=\/wp\/v2\/media\/11673"}],"wp:attachment":[{"href":"https:\/\/skolski-puls.com.hr\/index.php?rest_route=%2Fwp%2Fv2%2Fmedia&parent=11669"}],"wp:term":[{"taxonomy":"category","embeddable":true,"href":"https:\/\/skolski-puls.com.hr\/index.php?rest_route=%2Fwp%2Fv2%2Fcategories&post=11669"},{"taxonomy":"post_tag","embeddable":true,"href":"https:\/\/skolski-puls.com.hr\/index.php?rest_route=%2Fwp%2Fv2%2Ftags&post=11669"}],"curies":[{"name":"wp","href":"https:\/\/api.w.org\/{rel}","templated":true}]}}