{"id":1206,"date":"2018-01-18T07:32:35","date_gmt":"2018-01-18T07:32:35","guid":{"rendered":"http:\/\/skolski-puls.com.hr\/?p=1206"},"modified":"2019-08-02T06:17:09","modified_gmt":"2019-08-02T06:17:09","slug":"film-koji-izaziva-navalu-emocija-cudo","status":"publish","type":"post","link":"https:\/\/skolski-puls.com.hr\/?p=1206","title":{"rendered":"Film koji izaziva navalu emocija &#8211; &#8220;\u010cudo&#8221;"},"content":{"rendered":"<p>Dana <em>21.12.2017.(\u010detvrtak)<\/em> u\u010denici 7.a, 7.b,7.c u CINESTARU su&nbsp; gledali film <em>\u010cudo<\/em>.<\/p>\n<p>Film govori o dje\u010daku Augustu koji nije imao prijatelje zato jer je imao deformirano lice te je zbog lica nosio astronautsku kacigu. Sramio se svog izgleda. Nije volio i\u0107i u \u0161kolu jer bi u njega tamo svi buljili i svi bi mu se smijali. Najdra\u017ei dan mu je bio Halloween zato jer bi tada bio cijeli zamaskiran i nitko ga ne bi \u010dudno gledao i izbacivao iz dru\u0161tva .Film je kod ve\u0107ine u\u010denika izzazvao tu\u017ene emocije. Kroz cijeli film palo je mnogo suza. Kad gledate film u kojemu je neko dijete po ne\u010demu razli\u010dito i koje pro\u017eivljava \u010dudne poglede, komentare zbog tog \u0161to se po ne\u010demu isti\u010de sjetite se da takve djece ima puno.<\/p>\n<p>Prije nego \u0161to se odlu\u010dimo nekoga komentirati moramo se sjetiti da smo mi svi isti i da mi ne mo\u017eemo znati kako se netko osje\u0107a. Film <em>\u010cudo<\/em> daje jednu va\u017enu pouku &#8211; izgled ne \u010dini \u010dovjeka.Zato, prije negoli krenemo nekome uputiti ru\u017eni komentar, trebamo razmisliti kako se to dijete osje\u0107a, dijete je mo\u017eda jako pred nama, ali u stvari u sebi se grize i pla\u010de.Mislim da takvo ne\u0161to ni jedno dijete ne bi smjelo pro\u017eivljavati .<\/p>\n<p>Elena Crlenjak 7.b<\/p>\n","protected":false},"excerpt":{"rendered":"<p>Dana 21.12.2017.(\u010detvrtak) u\u010denici 7.a, 7.b,7.c u CINESTARU su&nbsp; gledali film \u010cudo. Film govori o dje\u010daku Augustu koji nije imao prijatelje zato jer je imao deformirano lice te je zbog lica nosio astronautsku kacigu. Sramio se svog izgleda. Nije volio i\u0107i u \u0161kolu jer bi u njega tamo svi buljili i svi bi mu se smijali. [&hellip;]<\/p>\n","protected":false},"author":2,"featured_media":1207,"comment_status":"open","ping_status":"open","sticky":false,"template":"","format":"standard","meta":{"footnotes":""},"categories":[12],"tags":[],"class_list":["post-1206","post","type-post","status-publish","format-standard","has-post-thumbnail","hentry","category-terenska-nastava"],"_links":{"self":[{"href":"https:\/\/skolski-puls.com.hr\/index.php?rest_route=\/wp\/v2\/posts\/1206","targetHints":{"allow":["GET"]}}],"collection":[{"href":"https:\/\/skolski-puls.com.hr\/index.php?rest_route=\/wp\/v2\/posts"}],"about":[{"href":"https:\/\/skolski-puls.com.hr\/index.php?rest_route=\/wp\/v2\/types\/post"}],"author":[{"embeddable":true,"href":"https:\/\/skolski-puls.com.hr\/index.php?rest_route=\/wp\/v2\/users\/2"}],"replies":[{"embeddable":true,"href":"https:\/\/skolski-puls.com.hr\/index.php?rest_route=%2Fwp%2Fv2%2Fcomments&post=1206"}],"version-history":[{"count":4,"href":"https:\/\/skolski-puls.com.hr\/index.php?rest_route=\/wp\/v2\/posts\/1206\/revisions"}],"predecessor-version":[{"id":2387,"href":"https:\/\/skolski-puls.com.hr\/index.php?rest_route=\/wp\/v2\/posts\/1206\/revisions\/2387"}],"wp:featuredmedia":[{"embeddable":true,"href":"https:\/\/skolski-puls.com.hr\/index.php?rest_route=\/wp\/v2\/media\/1207"}],"wp:attachment":[{"href":"https:\/\/skolski-puls.com.hr\/index.php?rest_route=%2Fwp%2Fv2%2Fmedia&parent=1206"}],"wp:term":[{"taxonomy":"category","embeddable":true,"href":"https:\/\/skolski-puls.com.hr\/index.php?rest_route=%2Fwp%2Fv2%2Fcategories&post=1206"},{"taxonomy":"post_tag","embeddable":true,"href":"https:\/\/skolski-puls.com.hr\/index.php?rest_route=%2Fwp%2Fv2%2Ftags&post=1206"}],"curies":[{"name":"wp","href":"https:\/\/api.w.org\/{rel}","templated":true}]}}