{"id":1211,"date":"2018-01-19T12:09:08","date_gmt":"2018-01-19T12:09:08","guid":{"rendered":"http:\/\/skolski-puls.com.hr\/?p=1211"},"modified":"2018-01-19T12:09:08","modified_gmt":"2018-01-19T12:09:08","slug":"ucenici-3-c-u-projektu-20-dana-dobrote","status":"publish","type":"post","link":"https:\/\/skolski-puls.com.hr\/?p=1211","title":{"rendered":"U\u010denici 3.c u projektu \u201e20 dana dobrote\u201c"},"content":{"rendered":"<p>U\u010denici 3.c razreda IV. osnovne \u0161kole Vara\u017edin su, zajedno sa svojim roditeljima i u\u010diteljicom <strong>Gordanom Foder,<\/strong> odlu\u010dili \u010diniti dobra djela.<\/p>\n<p>U pro\u0161loj, 2017. godini, bili su prili\u010dno vrijedni. Sakupljali su hranu za siroma\u0161ne te hranu i potrep\u0161tine za napu\u0161tene \u017eivotinje. Kao i 2016. godine, u\u010denici 3.c su i u 2017. godini ponovo pomagali svojim romskim prijateljima iz Novigrada Podravskog tako \u0161to su sakupili te im darovali \u0161kolski pribor.<\/p>\n<p>Me\u0111usobno su \u0161irili prijateljstvo i dobrotu pisanjem lijepih rije\u010di. Uz sve to su odr\u017eali Dan zagrljaja i Dan osmjeha, a najveselije i najsla\u0111e bilo je na Dan slatki\u0161a i Dan ku\u0161anja kola\u010da koje su radili sa svojim uku\u0107anima.<\/p>\n<p>\u0160kolskom osoblju su pisali \u010destitke, a teti \u010dista\u010dici su pomogli \u010di\u0161\u0107enjem svojeg razreda uo\u010di Bo\u017ei\u0107a.<\/p>\n<p>Ove godine planiraju veliku humanitarnu akciju kojom \u017eele sakupiti dio sredstava za \u0160kolu u prirodi. Tako\u0111er, nadaju se da \u0107e sudjelovanjem u brojnim projektima (ove \u0161kolske godine sudjeluju u ukupno osam projekata) do\u0107i do \u017eeljenih tableta koje bi rado koristili u nastavi budu\u0107i da od prvog razreda poha\u0111aju informatiku kao izvannastavnu aktivnost.<\/p>\n<p style=\"text-align: right;\">Igor Zbodulja, 5.a<\/p>\n","protected":false},"excerpt":{"rendered":"<p>U\u010denici 3.c razreda IV. osnovne \u0161kole Vara\u017edin su, zajedno sa svojim roditeljima i u\u010diteljicom Gordanom Foder, odlu\u010dili \u010diniti dobra djela. U pro\u0161loj, 2017. godini, bili su prili\u010dno vrijedni. Sakupljali su hranu za siroma\u0161ne te hranu i potrep\u0161tine za napu\u0161tene \u017eivotinje. Kao i 2016. godine, u\u010denici 3.c su i u 2017. godini ponovo pomagali svojim romskim [&hellip;]<\/p>\n","protected":false},"author":2,"featured_media":1212,"comment_status":"open","ping_status":"open","sticky":false,"template":"","format":"standard","meta":{"footnotes":""},"categories":[15],"tags":[],"class_list":["post-1211","post","type-post","status-publish","format-standard","has-post-thumbnail","hentry","category-projekti"],"_links":{"self":[{"href":"https:\/\/skolski-puls.com.hr\/index.php?rest_route=\/wp\/v2\/posts\/1211","targetHints":{"allow":["GET"]}}],"collection":[{"href":"https:\/\/skolski-puls.com.hr\/index.php?rest_route=\/wp\/v2\/posts"}],"about":[{"href":"https:\/\/skolski-puls.com.hr\/index.php?rest_route=\/wp\/v2\/types\/post"}],"author":[{"embeddable":true,"href":"https:\/\/skolski-puls.com.hr\/index.php?rest_route=\/wp\/v2\/users\/2"}],"replies":[{"embeddable":true,"href":"https:\/\/skolski-puls.com.hr\/index.php?rest_route=%2Fwp%2Fv2%2Fcomments&post=1211"}],"version-history":[{"count":2,"href":"https:\/\/skolski-puls.com.hr\/index.php?rest_route=\/wp\/v2\/posts\/1211\/revisions"}],"predecessor-version":[{"id":1214,"href":"https:\/\/skolski-puls.com.hr\/index.php?rest_route=\/wp\/v2\/posts\/1211\/revisions\/1214"}],"wp:featuredmedia":[{"embeddable":true,"href":"https:\/\/skolski-puls.com.hr\/index.php?rest_route=\/wp\/v2\/media\/1212"}],"wp:attachment":[{"href":"https:\/\/skolski-puls.com.hr\/index.php?rest_route=%2Fwp%2Fv2%2Fmedia&parent=1211"}],"wp:term":[{"taxonomy":"category","embeddable":true,"href":"https:\/\/skolski-puls.com.hr\/index.php?rest_route=%2Fwp%2Fv2%2Fcategories&post=1211"},{"taxonomy":"post_tag","embeddable":true,"href":"https:\/\/skolski-puls.com.hr\/index.php?rest_route=%2Fwp%2Fv2%2Ftags&post=1211"}],"curies":[{"name":"wp","href":"https:\/\/api.w.org\/{rel}","templated":true}]}}