{"id":1215,"date":"2018-01-19T12:18:00","date_gmt":"2018-01-19T12:18:00","guid":{"rendered":"http:\/\/skolski-puls.com.hr\/?p=1215"},"modified":"2018-01-19T12:18:00","modified_gmt":"2018-01-19T12:18:00","slug":"autobiografska-crtica","status":"publish","type":"post","link":"https:\/\/skolski-puls.com.hr\/?p=1215","title":{"rendered":"Autobiografska crtica"},"content":{"rendered":"<p>2007.godina je godina u kojoj je moj \u017eivot dobio jednu drugu dimenziju i godina u kojoj se moj bezbri\u017ean, tek zapo\u010det \u017eivot, pretvorio u veliki izazov.<\/p>\n<p>Te 2007. godine nisam napunila ni dvije godine kad me napala jedna \u201eneman\u201c koja je moj \u017eivot u\u010dinila \u201edruga\u010dijim\u201c. Iznenadan, zastra\u0161uju\u0107i i podli tumor koji se nastanio na mojoj maloj kralje\u017enici te posljedice njegovog djelovanja obilje\u017eile su moje najranije djetinjstvo, obilje\u017eavaju moj \u017eivot sada, a vjerojatno \u0107e i ostatak mog \u017eivota biti obilje\u017een u\u010dinkom nepozvanog i iznenadnog gosta.<\/p>\n<p>U ranom\u00a0 djetinjstvu nisam imala nikakve osje\u0107aje spram nepozvanog gosta i njegovih \u201enepodop\u0161tina\u201c koje je uzrokovao jer su trud i briga mojih roditelja moje djetinjstvo u\u010dinili jednakim i ni\u010dim razli\u010ditim od onog mojih vr\u0161njaka.<\/p>\n<p>Danas, kad sam malo svjesnija i kad uvi\u0111am da sam ipak malo \u201edruga\u010dija\u201c( ovdje mislim samo na samo fizi\u010dki druga\u010dija), osje\u0107am ljutnju . Ljuta sam na tumor koji je ote\u017eao moj \u017eivot i koji me ograni\u010dio u kretanju. Ljutnju poku\u0161avam ne pretvoriti u ogor\u010denost jer smatram da bi me mogla sputavati u mojoj \u017eelji i nastojanju da svoj \u017eivot organiziram tako da bude sadr\u017eajan i dinami\u010dan.<\/p>\n<p style=\"text-align: right;\">Anamarija Vi\u0161nji\u0107 7.b<\/p>\n","protected":false},"excerpt":{"rendered":"<p>2007.godina je godina u kojoj je moj \u017eivot dobio jednu drugu dimenziju i godina u kojoj se moj bezbri\u017ean, tek zapo\u010det \u017eivot, pretvorio u veliki izazov. Te 2007. godine nisam napunila ni dvije godine kad me napala jedna \u201eneman\u201c koja je moj \u017eivot u\u010dinila \u201edruga\u010dijim\u201c. Iznenadan, zastra\u0161uju\u0107i i podli tumor koji se nastanio na mojoj [&hellip;]<\/p>\n","protected":false},"author":2,"featured_media":1216,"comment_status":"open","ping_status":"open","sticky":false,"template":"","format":"standard","meta":{"footnotes":""},"categories":[18],"tags":[],"class_list":["post-1215","post","type-post","status-publish","format-standard","has-post-thumbnail","hentry","category-iz-pera-urednice"],"_links":{"self":[{"href":"https:\/\/skolski-puls.com.hr\/index.php?rest_route=\/wp\/v2\/posts\/1215","targetHints":{"allow":["GET"]}}],"collection":[{"href":"https:\/\/skolski-puls.com.hr\/index.php?rest_route=\/wp\/v2\/posts"}],"about":[{"href":"https:\/\/skolski-puls.com.hr\/index.php?rest_route=\/wp\/v2\/types\/post"}],"author":[{"embeddable":true,"href":"https:\/\/skolski-puls.com.hr\/index.php?rest_route=\/wp\/v2\/users\/2"}],"replies":[{"embeddable":true,"href":"https:\/\/skolski-puls.com.hr\/index.php?rest_route=%2Fwp%2Fv2%2Fcomments&post=1215"}],"version-history":[{"count":2,"href":"https:\/\/skolski-puls.com.hr\/index.php?rest_route=\/wp\/v2\/posts\/1215\/revisions"}],"predecessor-version":[{"id":1218,"href":"https:\/\/skolski-puls.com.hr\/index.php?rest_route=\/wp\/v2\/posts\/1215\/revisions\/1218"}],"wp:featuredmedia":[{"embeddable":true,"href":"https:\/\/skolski-puls.com.hr\/index.php?rest_route=\/wp\/v2\/media\/1216"}],"wp:attachment":[{"href":"https:\/\/skolski-puls.com.hr\/index.php?rest_route=%2Fwp%2Fv2%2Fmedia&parent=1215"}],"wp:term":[{"taxonomy":"category","embeddable":true,"href":"https:\/\/skolski-puls.com.hr\/index.php?rest_route=%2Fwp%2Fv2%2Fcategories&post=1215"},{"taxonomy":"post_tag","embeddable":true,"href":"https:\/\/skolski-puls.com.hr\/index.php?rest_route=%2Fwp%2Fv2%2Ftags&post=1215"}],"curies":[{"name":"wp","href":"https:\/\/api.w.org\/{rel}","templated":true}]}}