{"id":1422,"date":"2018-03-27T08:25:20","date_gmt":"2018-03-27T08:25:20","guid":{"rendered":"http:\/\/skolski-puls.com.hr\/?p=1422"},"modified":"2018-03-27T08:25:20","modified_gmt":"2018-03-27T08:25:20","slug":"purgari-posjetili-trece-razrede-iv-os-varazdin","status":"publish","type":"post","link":"https:\/\/skolski-puls.com.hr\/?p=1422","title":{"rendered":"Purgari posjetili tre\u0107e razrede IV. O\u0160 Vara\u017edin"},"content":{"rendered":"<p>U \u010detvrtak, 22.3.2018. u\u010denicima 3a, 3b, i 3c razreda do\u0161ao je jedan gospodin Dra\u017een Lopari\u0107. On je\u00a0 \u010dlan Vara\u017edinske garde. U\u010denicima je ispri\u010dao kako\u00a0 postati \u010dlan Vara\u017edinske garde, sa koliko godina mogu pristupiti u Vara\u017edinsku gardu, kako glasi njihov pozdrav, od kojih im se dijelova sastoji odijelo i mnoge druge zanimljive \u010dinjenice. U\u010denici su puno toga nau\u010dili te je predavanje bilo zanimljivo i pou\u010dno. Tom predavanju prisustvovala je i Vara\u017edinska televizija.. U\u010denici su na kraju predavanja postavili puno zanimljivih pitanja i zainteresirali su se da postanu \u010dlanovi Vara\u017edinske garde.<\/p>\n<p><em>A tko su purgari?<\/em><\/p>\n<p>Vara\u017edinci su ih zvali purgari, purgeri, garda ili grenadiri,\u00a0 a rije\u010d je o postrojbi uniformiranih i naoru\u017eanih gra\u0111ana koji su na svoj na\u010din sudjelovali u \u017eivotu grada\u00a0 od sredine 18. stolje\u0107a i doba carice Marije Terezije.<\/p>\n<p>Godine 1990., zahvaljuju\u0107i poticaju Turisti\u010dkog dru\u0161tva Vara\u017edina, Garda je ponovno za\u017eivjela.<br \/>\nVara\u017edinska gra\u0111anska garda dobila je 23. o\u017eujka 2017. godine rje\u0161enje Ministarstva kulture Republike Hrvatske o za\u0161titi kulturnog dobra i to kao prva vojna postrojba kojoj je to uspjelo. Vara\u017edinska gra\u0111anska garda je ujedno i prva kulturna ba\u0161tina sa za\u0161titom iz grada Vara\u017edina. Njezine godi\u0161nje planove djelovanja donosi Sto\u017eer na \u010delu s gradona\u010delnikom koji je po du\u017enosti njezin nadzapovjednik.<\/p>\n<p style=\"text-align: right;\">\u00a0 \u00a0 \u00a0 \u00a0 \u00a0 \u00a0 \u00a0 \u00a0 \u00a0 \u00a0 \u00a0 Eni Rubina, 7.b<\/p>\n","protected":false},"excerpt":{"rendered":"<p>U \u010detvrtak, 22.3.2018. u\u010denicima 3a, 3b, i 3c razreda do\u0161ao je jedan gospodin Dra\u017een Lopari\u0107. On je\u00a0 \u010dlan Vara\u017edinske garde. U\u010denicima je ispri\u010dao kako\u00a0 postati \u010dlan Vara\u017edinske garde, sa koliko godina mogu pristupiti u Vara\u017edinsku gardu, kako glasi njihov pozdrav, od kojih im se dijelova sastoji odijelo i mnoge druge zanimljive \u010dinjenice. U\u010denici su puno [&hellip;]<\/p>\n","protected":false},"author":2,"featured_media":1423,"comment_status":"open","ping_status":"open","sticky":false,"template":"","format":"standard","meta":{"footnotes":""},"categories":[14],"tags":[],"class_list":["post-1422","post","type-post","status-publish","format-standard","has-post-thumbnail","hentry","category-iz-skolskog-hodnika"],"_links":{"self":[{"href":"https:\/\/skolski-puls.com.hr\/index.php?rest_route=\/wp\/v2\/posts\/1422","targetHints":{"allow":["GET"]}}],"collection":[{"href":"https:\/\/skolski-puls.com.hr\/index.php?rest_route=\/wp\/v2\/posts"}],"about":[{"href":"https:\/\/skolski-puls.com.hr\/index.php?rest_route=\/wp\/v2\/types\/post"}],"author":[{"embeddable":true,"href":"https:\/\/skolski-puls.com.hr\/index.php?rest_route=\/wp\/v2\/users\/2"}],"replies":[{"embeddable":true,"href":"https:\/\/skolski-puls.com.hr\/index.php?rest_route=%2Fwp%2Fv2%2Fcomments&post=1422"}],"version-history":[{"count":1,"href":"https:\/\/skolski-puls.com.hr\/index.php?rest_route=\/wp\/v2\/posts\/1422\/revisions"}],"predecessor-version":[{"id":1424,"href":"https:\/\/skolski-puls.com.hr\/index.php?rest_route=\/wp\/v2\/posts\/1422\/revisions\/1424"}],"wp:featuredmedia":[{"embeddable":true,"href":"https:\/\/skolski-puls.com.hr\/index.php?rest_route=\/wp\/v2\/media\/1423"}],"wp:attachment":[{"href":"https:\/\/skolski-puls.com.hr\/index.php?rest_route=%2Fwp%2Fv2%2Fmedia&parent=1422"}],"wp:term":[{"taxonomy":"category","embeddable":true,"href":"https:\/\/skolski-puls.com.hr\/index.php?rest_route=%2Fwp%2Fv2%2Fcategories&post=1422"},{"taxonomy":"post_tag","embeddable":true,"href":"https:\/\/skolski-puls.com.hr\/index.php?rest_route=%2Fwp%2Fv2%2Ftags&post=1422"}],"curies":[{"name":"wp","href":"https:\/\/api.w.org\/{rel}","templated":true}]}}