{"id":1819,"date":"2018-09-20T13:28:27","date_gmt":"2018-09-20T13:28:27","guid":{"rendered":"http:\/\/skolski-puls.com.hr\/?p=1819"},"modified":"2018-09-20T13:28:27","modified_gmt":"2018-09-20T13:28:27","slug":"anamarija-visnjic-ucenica-iv-os-varazdin-nominirana-za-nagradu-luka-ritz","status":"publish","type":"post","link":"https:\/\/skolski-puls.com.hr\/?p=1819","title":{"rendered":"Anamarija Vi\u0161nji\u0107, u\u010denica IV. O\u0160 Vara\u017edin, nominirana za Nagradu \u201eLuka Ritz\u201c"},"content":{"rendered":"<p>Anamarija Vi\u0161nji\u0107 je u\u010denica 8. b razreda IV. osnovne \u0161kole u Vara\u017edinu. Njezin se rad i trud prati jo\u0161 od po\u010detka \u0161kolovanja, a ove je godine bila nominirana i za nagradu \u201eLuka Ritz\u201c koja se dodjeljuje za promicanje tolerancije i \u0161kole bez nasilja. Dodjela Nagrade bila je krajem lipnja te, iako Anamarija nije odabrana, iznimna je \u010dast i za same u\u010denike, ali i za \u010ditavu \u0161kolu i sama nominacija za ovu Nagradu. Anamarijin rad i trud prepoznala je \u0161kola, ali i stru\u010dni \u017eiri koji dodjeljuje Nagradu. U to je ime IV. osnovna \u0161kola dobila nov\u010danu nagradu na temelju koje \u0107e se i dalje raditi na promicanju tolerancije, provoditi programe i educirati osoblje.<\/p>\n<p>Ponos IV. osnovne \u0161kole<\/p>\n<p>Anamarijin razrednik Nenad \u0160kerbi\u0107 opisuje ju kao marljivu, skromnu, po\u017ertvovnu i pametnu mladu djevojku koja je oduvijek impresionirala svojim izvanrednim rezultatima i trudom. Svoje je zadatke uvijek shva\u0107ala ozbiljno. Razrednik se prisje\u0107a izbora za Vije\u0107e u\u010denika u petom razredu kada se Anamarija dobrovoljno javila i sljede\u0107i dan do\u0161la u \u0161kolu s razra\u0111enim idejama predstavljenima na plakatu. \u201eU\u010denici to obi\u010dno shvate kao samo maleni dodatni zadatak, ali Anamarija je navela konkretne ideje kako \u0161kolu dodatno pribli\u017eiti djeci i pobolj\u0161ati.\u201c, ka\u017ee razrednik. I drugi su u\u010ditelji ponosni na Anamariju. Ozbiljno pristupa svim predmetima, poma\u017ee drugim u\u010denicima i nije iznena\u0111uju\u0107e da je nominirana za Nagradu \u201eLuka Ritz\u201c.<\/p>\n<p>Impresivna u\u010denica brojnih interesa<\/p>\n<p>Anamarija je pro\u0161la sve razrede s odli\u010dnim uspjehom. Sudjeluje u brojnim \u0161kolskim i izvan\u0161kolskim aktivnostima. Ona je glavna urednica novinarske grupe i ure\u0111uje \u0161kolski \u010dasopis \u201e\u0160kolski puls\u201c, poha\u0111a Glazbenu \u0161kolu u Vara\u017edinu gdje u\u010di svirati violon\u010delo, a strane jezike dodatno usavr\u0161ava u \u0160koli stranih jezika \u017diger. Slobodno vrijeme provodi s prijateljima i mla\u0111im sestrama kojima redovito poma\u017ee u u\u010denju. Svoje bi \u0161kolovanje \u017eeljela nastaviti u Prvoj gimnaziji Vara\u017edin, a kasnije razmi\u0161lja o Medicinskom fakultetu u Zagrebu. Te\u0161ko je ostati ravnodu\u0161an na toliku ambicioznost, volju i trud koje pokazuje Anamarija. No, posebno impresionira njezina skromnost. Svakako \u017eeli zahvaliti svojoj obitelji, prijateljima, razredniku, u\u010diteljima i ravnateljici te ka\u017ee da su oni posebno zaslu\u017eni za njezin uspjeh.<\/p>\n<p>Ponosni smo \u0161to je Anamarija u\u010denica IV. osnovne \u0161kole i sude\u0107i prema trenutnim rezultatima i uspjehu, vjerujemo da je ovaj tekst samo jedan od sljede\u0107ih brojnih tekstova o njezinom uspjehu!<\/p>\n<p>&nbsp;<\/p>\n<p><img loading=\"lazy\" decoding=\"async\" class=\"alignnone size-medium wp-image-1822\" src=\"http:\/\/skolski-puls.com.hr\/wp-content\/uploads\/2018\/09\/IMG_20180913_085806-225x300.jpg\" alt=\"\" width=\"225\" height=\"300\" \/><img loading=\"lazy\" decoding=\"async\" class=\"alignnone size-medium wp-image-1821\" src=\"http:\/\/skolski-puls.com.hr\/wp-content\/uploads\/2018\/09\/IMG_20180913_085724-300x225.jpg\" alt=\"\" width=\"300\" height=\"225\" \/><\/p>\n","protected":false},"excerpt":{"rendered":"<p>Anamarija Vi\u0161nji\u0107 je u\u010denica 8. b razreda IV. osnovne \u0161kole u Vara\u017edinu. Njezin se rad i trud prati jo\u0161 od po\u010detka \u0161kolovanja, a ove je godine bila nominirana i za nagradu \u201eLuka Ritz\u201c koja se dodjeljuje za promicanje tolerancije i \u0161kole bez nasilja. Dodjela Nagrade bila je krajem lipnja te, iako Anamarija nije odabrana, iznimna [&hellip;]<\/p>\n","protected":false},"author":2,"featured_media":1820,"comment_status":"open","ping_status":"open","sticky":false,"template":"","format":"standard","meta":{"footnotes":""},"categories":[10],"tags":[],"class_list":["post-1819","post","type-post","status-publish","format-standard","has-post-thumbnail","hentry","category-vijesti"],"_links":{"self":[{"href":"https:\/\/skolski-puls.com.hr\/index.php?rest_route=\/wp\/v2\/posts\/1819","targetHints":{"allow":["GET"]}}],"collection":[{"href":"https:\/\/skolski-puls.com.hr\/index.php?rest_route=\/wp\/v2\/posts"}],"about":[{"href":"https:\/\/skolski-puls.com.hr\/index.php?rest_route=\/wp\/v2\/types\/post"}],"author":[{"embeddable":true,"href":"https:\/\/skolski-puls.com.hr\/index.php?rest_route=\/wp\/v2\/users\/2"}],"replies":[{"embeddable":true,"href":"https:\/\/skolski-puls.com.hr\/index.php?rest_route=%2Fwp%2Fv2%2Fcomments&post=1819"}],"version-history":[{"count":1,"href":"https:\/\/skolski-puls.com.hr\/index.php?rest_route=\/wp\/v2\/posts\/1819\/revisions"}],"predecessor-version":[{"id":1823,"href":"https:\/\/skolski-puls.com.hr\/index.php?rest_route=\/wp\/v2\/posts\/1819\/revisions\/1823"}],"wp:featuredmedia":[{"embeddable":true,"href":"https:\/\/skolski-puls.com.hr\/index.php?rest_route=\/wp\/v2\/media\/1820"}],"wp:attachment":[{"href":"https:\/\/skolski-puls.com.hr\/index.php?rest_route=%2Fwp%2Fv2%2Fmedia&parent=1819"}],"wp:term":[{"taxonomy":"category","embeddable":true,"href":"https:\/\/skolski-puls.com.hr\/index.php?rest_route=%2Fwp%2Fv2%2Fcategories&post=1819"},{"taxonomy":"post_tag","embeddable":true,"href":"https:\/\/skolski-puls.com.hr\/index.php?rest_route=%2Fwp%2Fv2%2Ftags&post=1819"}],"curies":[{"name":"wp","href":"https:\/\/api.w.org\/{rel}","templated":true}]}}