{"id":1825,"date":"2018-09-22T06:45:05","date_gmt":"2018-09-22T06:45:05","guid":{"rendered":"http:\/\/skolski-puls.com.hr\/?p=1825"},"modified":"2018-09-22T06:45:05","modified_gmt":"2018-09-22T06:45:05","slug":"ucenici-iv-os-na-kapucinskom-trgu","status":"publish","type":"post","link":"https:\/\/skolski-puls.com.hr\/?p=1825","title":{"rendered":"U\u010denici IV. O\u0160 na Kapucinskom trgu"},"content":{"rendered":"<p>Dan oslobo\u0111enja Vara\u017edina<\/p>\n<p>Kapucinski je trg 21. rujna\u00a0 bio pun vojnih vozila i vojnika koji su do\u0161li obilje\u017eiti Dan oslobo\u0111enja Vara\u017edina. Obilje\u017eavanju toga Dana pridru\u017eile su se i mnoge vara\u017edinske osnovne te srednje \u0161kole, a me\u0111u njima i u\u010denici IV. O\u0160 Vara\u017edin, to\u010dnije 3.c, 4.a i 6.c. U\u010denici su u pratnji svojih u\u010diteljica Romane Kra\u0161, Marije Ili\u0107-Konji\u0107 i Silvije \u0160piranec posjetili izlo\u017ebu borbenih vozila gdje su na licu mjesta mogli pitati vojnike sve \u0161to ih zanima o vozilima. Nakon razgledavanja u\u010denici su pogledali i postrojavanje predstavnika vara\u017edinskih ratnih postrojbi s ratnim zastavama.<\/p>\n<p>U \u0161kolu se vratili puni dojmova i novih znanja.<\/p>\n<p><img loading=\"lazy\" decoding=\"async\" class=\"alignnone size-medium wp-image-1827\" src=\"http:\/\/skolski-puls.com.hr\/wp-content\/uploads\/2018\/09\/IMG_20180921_090631-300x225.jpg\" alt=\"\" width=\"300\" height=\"225\" \/> <img loading=\"lazy\" decoding=\"async\" class=\"alignnone size-medium wp-image-1828\" src=\"http:\/\/skolski-puls.com.hr\/wp-content\/uploads\/2018\/09\/IMG_20180921_091851-300x225.jpg\" alt=\"\" width=\"300\" height=\"225\" \/> <img loading=\"lazy\" decoding=\"async\" class=\"alignnone size-medium wp-image-1829\" src=\"http:\/\/skolski-puls.com.hr\/wp-content\/uploads\/2018\/09\/IMG_20180921_092213-300x225.jpg\" alt=\"\" width=\"300\" height=\"225\" \/><\/p>\n<p>S. \u0160piranec<\/p>\n","protected":false},"excerpt":{"rendered":"<p>Dan oslobo\u0111enja Vara\u017edina Kapucinski je trg 21. rujna\u00a0 bio pun vojnih vozila i vojnika koji su do\u0161li obilje\u017eiti Dan oslobo\u0111enja Vara\u017edina. Obilje\u017eavanju toga Dana pridru\u017eile su se i mnoge vara\u017edinske osnovne te srednje \u0161kole, a me\u0111u njima i u\u010denici IV. O\u0160 Vara\u017edin, to\u010dnije 3.c, 4.a i 6.c. U\u010denici su u pratnji svojih u\u010diteljica Romane Kra\u0161, [&hellip;]<\/p>\n","protected":false},"author":2,"featured_media":1831,"comment_status":"open","ping_status":"open","sticky":false,"template":"","format":"standard","meta":{"footnotes":""},"categories":[17],"tags":[],"class_list":["post-1825","post","type-post","status-publish","format-standard","has-post-thumbnail","hentry","category-foto-vijesti"],"_links":{"self":[{"href":"https:\/\/skolski-puls.com.hr\/index.php?rest_route=\/wp\/v2\/posts\/1825","targetHints":{"allow":["GET"]}}],"collection":[{"href":"https:\/\/skolski-puls.com.hr\/index.php?rest_route=\/wp\/v2\/posts"}],"about":[{"href":"https:\/\/skolski-puls.com.hr\/index.php?rest_route=\/wp\/v2\/types\/post"}],"author":[{"embeddable":true,"href":"https:\/\/skolski-puls.com.hr\/index.php?rest_route=\/wp\/v2\/users\/2"}],"replies":[{"embeddable":true,"href":"https:\/\/skolski-puls.com.hr\/index.php?rest_route=%2Fwp%2Fv2%2Fcomments&post=1825"}],"version-history":[{"count":3,"href":"https:\/\/skolski-puls.com.hr\/index.php?rest_route=\/wp\/v2\/posts\/1825\/revisions"}],"predecessor-version":[{"id":1834,"href":"https:\/\/skolski-puls.com.hr\/index.php?rest_route=\/wp\/v2\/posts\/1825\/revisions\/1834"}],"wp:featuredmedia":[{"embeddable":true,"href":"https:\/\/skolski-puls.com.hr\/index.php?rest_route=\/wp\/v2\/media\/1831"}],"wp:attachment":[{"href":"https:\/\/skolski-puls.com.hr\/index.php?rest_route=%2Fwp%2Fv2%2Fmedia&parent=1825"}],"wp:term":[{"taxonomy":"category","embeddable":true,"href":"https:\/\/skolski-puls.com.hr\/index.php?rest_route=%2Fwp%2Fv2%2Fcategories&post=1825"},{"taxonomy":"post_tag","embeddable":true,"href":"https:\/\/skolski-puls.com.hr\/index.php?rest_route=%2Fwp%2Fv2%2Ftags&post=1825"}],"curies":[{"name":"wp","href":"https:\/\/api.w.org\/{rel}","templated":true}]}}