{"id":1839,"date":"2018-09-25T11:43:11","date_gmt":"2018-09-25T11:43:11","guid":{"rendered":"http:\/\/skolski-puls.com.hr\/?p=1839"},"modified":"2018-09-25T11:43:11","modified_gmt":"2018-09-25T11:43:11","slug":"tradicionalni-izlet-velebit-jablanac","status":"publish","type":"post","link":"https:\/\/skolski-puls.com.hr\/?p=1839","title":{"rendered":"Tradicionalni izlet Velebit &#8211; Jablanac"},"content":{"rendered":"<p>Planinarska sekcija \u010cevo<\/p>\n<p>Kao i pro\u0161lih godina, tako se i ove godine Planinarska sekcija \u010cevo uputila na Velebit, s voditeljicama Dijanom Ga\u0161parac i Snje\u017eanom Kolak te stalnim pratnjama u\u010diteljicom Davorkom Bi\u0161\u0107evi\u0107, Silvijom \u0160piranec te novim poja\u010danjem Martinom Kne\u017ei\u0107. Krenuli su u cik zore i ve\u0107 oko 11 sati hodali su zelenim velebitskim padinama i divili se ljepoti prirode. Vrijeme ih je poslu\u017eilo, ki\u0161a nije padala, ali je Zavi\u017ean bio u oblacima te je \u0161etnja Velebitskim botani\u010dkim vrtom bila putovanje u jedan novi, bajkoviti svijet.<\/p>\n<p>Prilikom odlaska iz Nacionalnog parka sjeverni Velebit planinari su bili po\u010da\u0161\u0107eni rijetkim prizorom, na cesti su vidjeli tri medvjedi\u0107a kako se igraju. Kada su medvjedi\u0107i ugledali autobus, oni su pojurili u \u0161umu, u sigurnost gdje ih je \u010dekala mama medvjedica.<\/p>\n<p>U planinarskom domu Jablanac bilo je zabavno, u\u010diteljice su kuhale ve\u010deru, a mali planinari su se odmarali, pri\u010dali, igrali i smijali. Sljede\u0107e jutro posjetili su uvalu Zavratnica, a po\u0161to je vrijeme bilo lijepo iskoristili su ga za posljednje kupanje ove godine.\u00a0 Puni dojmova, uz pri\u010du i smijeh put do Vara\u017edina je brzo pro\u0161ao.<\/p>\n<p>S\u0160<\/p>\n<p><img loading=\"lazy\" decoding=\"async\" class=\"alignnone size-medium wp-image-1841\" src=\"http:\/\/skolski-puls.com.hr\/wp-content\/uploads\/2018\/09\/IMG_20180922_100135-300x225.jpg\" alt=\"\" width=\"300\" height=\"225\" \/> <img loading=\"lazy\" decoding=\"async\" class=\"alignnone size-medium wp-image-1843\" src=\"http:\/\/skolski-puls.com.hr\/wp-content\/uploads\/2018\/09\/IMG_20180922_142104-300x225.jpg\" alt=\"\" width=\"300\" height=\"225\" \/> <img loading=\"lazy\" decoding=\"async\" class=\"alignnone size-medium wp-image-1844\" src=\"http:\/\/skolski-puls.com.hr\/wp-content\/uploads\/2018\/09\/IMG_20180922_142133-300x225.jpg\" alt=\"\" width=\"300\" height=\"225\" \/> <img loading=\"lazy\" decoding=\"async\" class=\"alignnone size-medium wp-image-1845\" src=\"http:\/\/skolski-puls.com.hr\/wp-content\/uploads\/2018\/09\/IMG_20180922_150447-300x225.jpg\" alt=\"\" width=\"300\" height=\"225\" \/> <img loading=\"lazy\" decoding=\"async\" class=\"alignnone size-medium wp-image-1846\" src=\"http:\/\/skolski-puls.com.hr\/wp-content\/uploads\/2018\/09\/IMG_20180923_085831-300x225.jpg\" alt=\"\" width=\"300\" height=\"225\" \/> <img loading=\"lazy\" decoding=\"async\" class=\"alignnone size-medium wp-image-1847\" src=\"http:\/\/skolski-puls.com.hr\/wp-content\/uploads\/2018\/09\/IMG_20180923_085836-300x225.jpg\" alt=\"\" width=\"300\" height=\"225\" \/> <img loading=\"lazy\" decoding=\"async\" class=\"alignnone size-medium wp-image-1848\" src=\"http:\/\/skolski-puls.com.hr\/wp-content\/uploads\/2018\/09\/IMG_20180923_091448-300x225.jpg\" alt=\"\" width=\"300\" height=\"225\" \/> <img loading=\"lazy\" decoding=\"async\" class=\"alignnone size-medium wp-image-1849\" src=\"http:\/\/skolski-puls.com.hr\/wp-content\/uploads\/2018\/09\/IMG_20180923_103437-300x225.jpg\" alt=\"\" width=\"300\" height=\"225\" \/> <img loading=\"lazy\" decoding=\"async\" class=\"alignnone size-medium wp-image-1850\" src=\"http:\/\/skolski-puls.com.hr\/wp-content\/uploads\/2018\/09\/IMG_20180923_103518-300x225.jpg\" alt=\"\" width=\"300\" height=\"225\" \/> <img loading=\"lazy\" decoding=\"async\" class=\"alignnone size-medium wp-image-1851\" src=\"http:\/\/skolski-puls.com.hr\/wp-content\/uploads\/2018\/09\/IMG_20180923_104909-300x225.jpg\" alt=\"\" width=\"300\" height=\"225\" \/><\/p>\n","protected":false},"excerpt":{"rendered":"<p>Planinarska sekcija \u010cevo Kao i pro\u0161lih godina, tako se i ove godine Planinarska sekcija \u010cevo uputila na Velebit, s voditeljicama Dijanom Ga\u0161parac i Snje\u017eanom Kolak te stalnim pratnjama u\u010diteljicom Davorkom Bi\u0161\u0107evi\u0107, Silvijom \u0160piranec te novim poja\u010danjem Martinom Kne\u017ei\u0107. Krenuli su u cik zore i ve\u0107 oko 11 sati hodali su zelenim velebitskim padinama i divili [&hellip;]<\/p>\n","protected":false},"author":2,"featured_media":1840,"comment_status":"open","ping_status":"open","sticky":false,"template":"","format":"standard","meta":{"footnotes":""},"categories":[17],"tags":[],"class_list":["post-1839","post","type-post","status-publish","format-standard","has-post-thumbnail","hentry","category-foto-vijesti"],"_links":{"self":[{"href":"https:\/\/skolski-puls.com.hr\/index.php?rest_route=\/wp\/v2\/posts\/1839","targetHints":{"allow":["GET"]}}],"collection":[{"href":"https:\/\/skolski-puls.com.hr\/index.php?rest_route=\/wp\/v2\/posts"}],"about":[{"href":"https:\/\/skolski-puls.com.hr\/index.php?rest_route=\/wp\/v2\/types\/post"}],"author":[{"embeddable":true,"href":"https:\/\/skolski-puls.com.hr\/index.php?rest_route=\/wp\/v2\/users\/2"}],"replies":[{"embeddable":true,"href":"https:\/\/skolski-puls.com.hr\/index.php?rest_route=%2Fwp%2Fv2%2Fcomments&post=1839"}],"version-history":[{"count":1,"href":"https:\/\/skolski-puls.com.hr\/index.php?rest_route=\/wp\/v2\/posts\/1839\/revisions"}],"predecessor-version":[{"id":1852,"href":"https:\/\/skolski-puls.com.hr\/index.php?rest_route=\/wp\/v2\/posts\/1839\/revisions\/1852"}],"wp:featuredmedia":[{"embeddable":true,"href":"https:\/\/skolski-puls.com.hr\/index.php?rest_route=\/wp\/v2\/media\/1840"}],"wp:attachment":[{"href":"https:\/\/skolski-puls.com.hr\/index.php?rest_route=%2Fwp%2Fv2%2Fmedia&parent=1839"}],"wp:term":[{"taxonomy":"category","embeddable":true,"href":"https:\/\/skolski-puls.com.hr\/index.php?rest_route=%2Fwp%2Fv2%2Fcategories&post=1839"},{"taxonomy":"post_tag","embeddable":true,"href":"https:\/\/skolski-puls.com.hr\/index.php?rest_route=%2Fwp%2Fv2%2Ftags&post=1839"}],"curies":[{"name":"wp","href":"https:\/\/api.w.org\/{rel}","templated":true}]}}