{"id":1856,"date":"2018-09-30T13:59:02","date_gmt":"2018-09-30T13:59:02","guid":{"rendered":"http:\/\/skolski-puls.com.hr\/?p=1856"},"modified":"2018-10-26T13:45:21","modified_gmt":"2018-10-26T13:45:21","slug":"izlet-planinarske-grupe-na-velebit","status":"publish","type":"post","link":"https:\/\/skolski-puls.com.hr\/?p=1856","title":{"rendered":"IZLET PLANINARSKE GRUPE NA VELEBIT"},"content":{"rendered":"<p>Planinarsko dru\u0161tvo MIV, tj. Planinarska sekcija \u010cevo za vikend 22. i 23. rujna 2018. posjetila je Velebit. Krenuli su u 6 sati ujutro, na\u0161av\u0161i se ispred IV. osnovne \u0161kole Vara\u017edin.\u00a0Prvo mjesto koje su posjetili bila je Ku\u0107a Velebita. Tamo su saznali brojne zanimljive informacije o nastanku Velebita i o \u017eivotinjama koje \u017eive na njemu. Zatim su u\u0161li u Nacionalni park Sjeverni Velebit i zaputili se u Planinarski dom Zavi\u017ean. On je poseban jer je kod njega najstarija meteorolo\u0161ka postaja u Hrvatskoj te je tako\u0111er na najvi\u0161oj nadmorskoj visini. Nakon stanke za jelo krenuli su u botani\u010dki vrt. Poslije razgledavanja botani\u010dkog vrta od\u0161etali su do parkirali\u0161ta gdje su autobusom oti\u0161li do Planinarske ku\u0107e Jablanac gdje su i spavali. Sljede\u0107eg jutra pro\u0161etali su Zavratnicom, a nakon \u0161etnje okupali su se u moru. Na ru\u010dak su oti\u0161li u Senj i jeli su u Konobi Stari Grad. Nakon ru\u010dka malo su pro\u0161etali Senjom, a potom su autobusom krenuli ku\u0107i. No, to nije sve &#8211; na kraju su si malo zasladili dan stankom u Burger Kingu.<\/p>\n<p>Igor Zbodulja, 6.a<\/p>\n<p>&nbsp;<\/p>\n<p><img loading=\"lazy\" decoding=\"async\" class=\"alignnone size-medium wp-image-1873\" src=\"http:\/\/skolski-puls.com.hr\/wp-content\/uploads\/2018\/09\/20180923_092006-225x300.jpg\" alt=\"\" width=\"225\" height=\"300\" \/><img loading=\"lazy\" decoding=\"async\" class=\"alignnone size-medium wp-image-1874\" src=\"http:\/\/skolski-puls.com.hr\/wp-content\/uploads\/2018\/09\/20180922_144253-225x300.jpg\" alt=\"\" width=\"225\" height=\"300\" \/><img loading=\"lazy\" decoding=\"async\" class=\"alignnone size-medium wp-image-1875\" src=\"http:\/\/skolski-puls.com.hr\/wp-content\/uploads\/2018\/09\/20180922_182337-300x225.jpg\" alt=\"\" width=\"300\" height=\"225\" \/><\/p>\n","protected":false},"excerpt":{"rendered":"<p>Planinarsko dru\u0161tvo MIV, tj. Planinarska sekcija \u010cevo za vikend 22. i 23. rujna 2018. posjetila je Velebit. Krenuli su u 6 sati ujutro, na\u0161av\u0161i se ispred IV. osnovne \u0161kole Vara\u017edin.\u00a0Prvo mjesto koje su posjetili bila je Ku\u0107a Velebita. Tamo su saznali brojne zanimljive informacije o nastanku Velebita i o \u017eivotinjama koje \u017eive na njemu. Zatim [&hellip;]<\/p>\n","protected":false},"author":2,"featured_media":1876,"comment_status":"open","ping_status":"open","sticky":false,"template":"","format":"standard","meta":{"footnotes":""},"categories":[13],"tags":[],"class_list":["post-1856","post","type-post","status-publish","format-standard","has-post-thumbnail","hentry","category-radovi-ucenika"],"_links":{"self":[{"href":"https:\/\/skolski-puls.com.hr\/index.php?rest_route=\/wp\/v2\/posts\/1856","targetHints":{"allow":["GET"]}}],"collection":[{"href":"https:\/\/skolski-puls.com.hr\/index.php?rest_route=\/wp\/v2\/posts"}],"about":[{"href":"https:\/\/skolski-puls.com.hr\/index.php?rest_route=\/wp\/v2\/types\/post"}],"author":[{"embeddable":true,"href":"https:\/\/skolski-puls.com.hr\/index.php?rest_route=\/wp\/v2\/users\/2"}],"replies":[{"embeddable":true,"href":"https:\/\/skolski-puls.com.hr\/index.php?rest_route=%2Fwp%2Fv2%2Fcomments&post=1856"}],"version-history":[{"count":6,"href":"https:\/\/skolski-puls.com.hr\/index.php?rest_route=\/wp\/v2\/posts\/1856\/revisions"}],"predecessor-version":[{"id":1957,"href":"https:\/\/skolski-puls.com.hr\/index.php?rest_route=\/wp\/v2\/posts\/1856\/revisions\/1957"}],"wp:featuredmedia":[{"embeddable":true,"href":"https:\/\/skolski-puls.com.hr\/index.php?rest_route=\/wp\/v2\/media\/1876"}],"wp:attachment":[{"href":"https:\/\/skolski-puls.com.hr\/index.php?rest_route=%2Fwp%2Fv2%2Fmedia&parent=1856"}],"wp:term":[{"taxonomy":"category","embeddable":true,"href":"https:\/\/skolski-puls.com.hr\/index.php?rest_route=%2Fwp%2Fv2%2Fcategories&post=1856"},{"taxonomy":"post_tag","embeddable":true,"href":"https:\/\/skolski-puls.com.hr\/index.php?rest_route=%2Fwp%2Fv2%2Ftags&post=1856"}],"curies":[{"name":"wp","href":"https:\/\/api.w.org\/{rel}","templated":true}]}}