{"id":1882,"date":"2018-10-04T10:36:25","date_gmt":"2018-10-04T10:36:25","guid":{"rendered":"http:\/\/skolski-puls.com.hr\/?p=1882"},"modified":"2018-10-04T10:36:25","modified_gmt":"2018-10-04T10:36:25","slug":"europski-dan-jezika-2","status":"publish","type":"post","link":"https:\/\/skolski-puls.com.hr\/?p=1882","title":{"rendered":"Europski dan jezika"},"content":{"rendered":"<p>U subotu, 29. rujna, od 10 do 13 sati, na Franjeva\u010dkom trgu u Vara\u017edinu je obilje\u017een, ve\u0107\u00a0devetu godinu\u00a0zaredom, Europski dan jezika. Organizator obilje\u017eavanja tog dana je udruga Europski kulturni krug (EKULT), udruga za popularizaciju njema\u010dkog jezika na podru\u010dju Republike Hrvatske, a program se odvija pod motom &#8220;Deutsch ist nah!&#8221;. U\u010denici 7. a razreda su s u\u010diteljicom Sarom Mlakar sudjelovali u obilje\u017eavanju te su dijelili bojanke za odrasle s pozitivnom porukom. U\u010denici su se zabavili, dru\u017eili s u\u010denicima drugih \u0161kola i pritom u\u010dili njema\u010dki jezik.<\/p>\n<p>SM<\/p>\n","protected":false},"excerpt":{"rendered":"<p>U subotu, 29. rujna, od 10 do 13 sati, na Franjeva\u010dkom trgu u Vara\u017edinu je obilje\u017een, ve\u0107\u00a0devetu godinu\u00a0zaredom, Europski dan jezika. Organizator obilje\u017eavanja tog dana je udruga Europski kulturni krug (EKULT), udruga za popularizaciju njema\u010dkog jezika na podru\u010dju Republike Hrvatske, a program se odvija pod motom &#8220;Deutsch ist nah!&#8221;. U\u010denici 7. a razreda su s [&hellip;]<\/p>\n","protected":false},"author":2,"featured_media":1883,"comment_status":"open","ping_status":"open","sticky":false,"template":"","format":"standard","meta":{"footnotes":""},"categories":[17],"tags":[],"class_list":["post-1882","post","type-post","status-publish","format-standard","has-post-thumbnail","hentry","category-foto-vijesti"],"_links":{"self":[{"href":"https:\/\/skolski-puls.com.hr\/index.php?rest_route=\/wp\/v2\/posts\/1882","targetHints":{"allow":["GET"]}}],"collection":[{"href":"https:\/\/skolski-puls.com.hr\/index.php?rest_route=\/wp\/v2\/posts"}],"about":[{"href":"https:\/\/skolski-puls.com.hr\/index.php?rest_route=\/wp\/v2\/types\/post"}],"author":[{"embeddable":true,"href":"https:\/\/skolski-puls.com.hr\/index.php?rest_route=\/wp\/v2\/users\/2"}],"replies":[{"embeddable":true,"href":"https:\/\/skolski-puls.com.hr\/index.php?rest_route=%2Fwp%2Fv2%2Fcomments&post=1882"}],"version-history":[{"count":1,"href":"https:\/\/skolski-puls.com.hr\/index.php?rest_route=\/wp\/v2\/posts\/1882\/revisions"}],"predecessor-version":[{"id":1884,"href":"https:\/\/skolski-puls.com.hr\/index.php?rest_route=\/wp\/v2\/posts\/1882\/revisions\/1884"}],"wp:featuredmedia":[{"embeddable":true,"href":"https:\/\/skolski-puls.com.hr\/index.php?rest_route=\/wp\/v2\/media\/1883"}],"wp:attachment":[{"href":"https:\/\/skolski-puls.com.hr\/index.php?rest_route=%2Fwp%2Fv2%2Fmedia&parent=1882"}],"wp:term":[{"taxonomy":"category","embeddable":true,"href":"https:\/\/skolski-puls.com.hr\/index.php?rest_route=%2Fwp%2Fv2%2Fcategories&post=1882"},{"taxonomy":"post_tag","embeddable":true,"href":"https:\/\/skolski-puls.com.hr\/index.php?rest_route=%2Fwp%2Fv2%2Ftags&post=1882"}],"curies":[{"name":"wp","href":"https:\/\/api.w.org\/{rel}","templated":true}]}}