{"id":1886,"date":"2018-10-06T11:38:47","date_gmt":"2018-10-06T11:38:47","guid":{"rendered":"http:\/\/skolski-puls.com.hr\/?p=1886"},"modified":"2018-10-26T13:44:54","modified_gmt":"2018-10-26T13:44:54","slug":"brain-gym","status":"publish","type":"post","link":"https:\/\/skolski-puls.com.hr\/?p=1886","title":{"rendered":"Brain Gym"},"content":{"rendered":"<p>U srijedu, 3. listopada 2018., na\u0161u je \u0161kolu posjetila Vara\u017edinska televzija (VTV) radi snimanja priloga o aktivnosti <em>Brain Gym<\/em>, \u0161to u prijevodu zna\u010di \u201egimnastika za mozak\u201c. <em>Brain Gym<\/em> je ove \u0161kolske godine po\u010deo 10. rujna, a odr\u017eava se svako jutro u 07:30 u \u0161kolskoj dvorani. Dobrodo\u0161li su svi u\u010denici od prvog do osmog razreda. Voditelji su psiholog Matej Fi\u0161ku\u0161 i \u0161kolska tajnica Ivka Hrg.<\/p>\n<p>U\u010denici dolaze na <em>Brain Gym<\/em> da bi popravili koncentraciju i pona\u0161anje te radi lagane tjelovje\u017ebe. U razgovoru sa psihologom otkrili smo jo\u0161 neke dodatne informacije. Na <em>Brain Gymu<\/em> se provode razli\u010dite vje\u017ebe i zadaci s ciljem pobolj\u0161anja koncentracije. Ubrzo se vide rezultati i napredak \u2013 bolja koncentracija, lak\u0161e rje\u0161avanje problemskih zadataka, smirenost i usmjerenost na rad.<\/p>\n<p>Svi su dobrodo\u0161li te vas jo\u0161 jednom pozivamo da nam se pridru\u017eite svako jutro u \u0161kolskoj dvorani!<\/p>\n<p>Eni Rubina, 8.b<\/p>\n<p>&nbsp;<\/p>\n<p><img loading=\"lazy\" decoding=\"async\" class=\"alignnone size-medium wp-image-1890\" src=\"http:\/\/skolski-puls.com.hr\/wp-content\/uploads\/2018\/10\/BRAIN-GYM-6-300x169.jpg\" alt=\"\" width=\"300\" height=\"169\" \/><img loading=\"lazy\" decoding=\"async\" class=\"alignnone size-medium wp-image-1894\" src=\"http:\/\/skolski-puls.com.hr\/wp-content\/uploads\/2018\/10\/BRAIN-GYM-2-300x169.jpg\" alt=\"\" width=\"300\" height=\"169\" \/><img loading=\"lazy\" decoding=\"async\" class=\"alignnone size-medium wp-image-1893\" src=\"http:\/\/skolski-puls.com.hr\/wp-content\/uploads\/2018\/10\/BRAIN-GYM-10-300x169.jpg\" alt=\"\" width=\"300\" height=\"169\" \/><img loading=\"lazy\" decoding=\"async\" class=\"alignnone size-medium wp-image-1892\" src=\"http:\/\/skolski-puls.com.hr\/wp-content\/uploads\/2018\/10\/BRAIN-GYM-8-300x169.jpg\" alt=\"\" width=\"300\" height=\"169\" \/><img loading=\"lazy\" decoding=\"async\" class=\"alignnone size-medium wp-image-1888\" src=\"http:\/\/skolski-puls.com.hr\/wp-content\/uploads\/2018\/10\/BRAIN-GYM-3-300x169.jpg\" alt=\"\" width=\"300\" height=\"169\" \/><img loading=\"lazy\" decoding=\"async\" class=\"alignnone size-medium wp-image-1891\" src=\"http:\/\/skolski-puls.com.hr\/wp-content\/uploads\/2018\/10\/BRAIN-GYM-7-300x169.jpg\" alt=\"\" width=\"300\" height=\"169\" \/><\/p>\n","protected":false},"excerpt":{"rendered":"<p>U srijedu, 3. listopada 2018., na\u0161u je \u0161kolu posjetila Vara\u017edinska televzija (VTV) radi snimanja priloga o aktivnosti Brain Gym, \u0161to u prijevodu zna\u010di \u201egimnastika za mozak\u201c. Brain Gym je ove \u0161kolske godine po\u010deo 10. rujna, a odr\u017eava se svako jutro u 07:30 u \u0161kolskoj dvorani. Dobrodo\u0161li su svi u\u010denici od prvog do osmog razreda. Voditelji [&hellip;]<\/p>\n","protected":false},"author":2,"featured_media":1887,"comment_status":"open","ping_status":"open","sticky":false,"template":"","format":"standard","meta":{"footnotes":""},"categories":[17],"tags":[],"class_list":["post-1886","post","type-post","status-publish","format-standard","has-post-thumbnail","hentry","category-foto-vijesti"],"_links":{"self":[{"href":"https:\/\/skolski-puls.com.hr\/index.php?rest_route=\/wp\/v2\/posts\/1886","targetHints":{"allow":["GET"]}}],"collection":[{"href":"https:\/\/skolski-puls.com.hr\/index.php?rest_route=\/wp\/v2\/posts"}],"about":[{"href":"https:\/\/skolski-puls.com.hr\/index.php?rest_route=\/wp\/v2\/types\/post"}],"author":[{"embeddable":true,"href":"https:\/\/skolski-puls.com.hr\/index.php?rest_route=\/wp\/v2\/users\/2"}],"replies":[{"embeddable":true,"href":"https:\/\/skolski-puls.com.hr\/index.php?rest_route=%2Fwp%2Fv2%2Fcomments&post=1886"}],"version-history":[{"count":3,"href":"https:\/\/skolski-puls.com.hr\/index.php?rest_route=\/wp\/v2\/posts\/1886\/revisions"}],"predecessor-version":[{"id":1956,"href":"https:\/\/skolski-puls.com.hr\/index.php?rest_route=\/wp\/v2\/posts\/1886\/revisions\/1956"}],"wp:featuredmedia":[{"embeddable":true,"href":"https:\/\/skolski-puls.com.hr\/index.php?rest_route=\/wp\/v2\/media\/1887"}],"wp:attachment":[{"href":"https:\/\/skolski-puls.com.hr\/index.php?rest_route=%2Fwp%2Fv2%2Fmedia&parent=1886"}],"wp:term":[{"taxonomy":"category","embeddable":true,"href":"https:\/\/skolski-puls.com.hr\/index.php?rest_route=%2Fwp%2Fv2%2Fcategories&post=1886"},{"taxonomy":"post_tag","embeddable":true,"href":"https:\/\/skolski-puls.com.hr\/index.php?rest_route=%2Fwp%2Fv2%2Ftags&post=1886"}],"curies":[{"name":"wp","href":"https:\/\/api.w.org\/{rel}","templated":true}]}}