{"id":1897,"date":"2018-10-12T13:10:58","date_gmt":"2018-10-12T13:10:58","guid":{"rendered":"http:\/\/skolski-puls.com.hr\/?p=1897"},"modified":"2018-10-12T13:10:58","modified_gmt":"2018-10-12T13:10:58","slug":"svjetski-tjedan-svemira-u-2-c","status":"publish","type":"post","link":"https:\/\/skolski-puls.com.hr\/?p=1897","title":{"rendered":"Svjetski tjedan svemira u 2. c"},"content":{"rendered":"<p>Svjetski tjedan svemira obilje\u017eava se svake godine od 4. do 10. listopada. U\u010denici 2. c\u00a0 razreda iskoristili su priliku i stekli su nova znanja o svemiru.<\/p>\n<p>Obilje\u017eavanje Svjetskog tjedna svemira odvija se pod okriljem <em>World Space Week Associationa<\/em> (WSWA). To je najve\u0107a svjetska obrazovna organizacija povezana sa svemirom, a pokrenuli su je Ujedinjeni narodi, Vije\u0107e za miroljubivo kori\u0161tenje svemira (COPUOS) i Ured za izvanzemaljske poslove (UN OOSA).<\/p>\n<p>U\u010denici 2. c razreda sa svojom su u\u010diteljicom Jelenom \u0160alamun obilje\u017eili svoj \u201eSvemirski dan\u201c. Tom je prigodom u\u010denicima u sklopu nastave odr\u017eana projekcija filma o postanku na\u0161eg planeta Zemlje tijekom koje su se upoznali s prirodnim silama i osnovnim zakonitostima koje postoje u svemiru.<\/p>\n<p>Svaki od u\u010denika odabrao je jednu temu koju je zajedno sa svojim roditeljima istra\u017eio te prezentirao u\u010denicima u razredu. U\u010denici su imali prilike \u010duti zanimljivosti o Sun\u010devom sustavu, pojedinim planetima, crnim rupama, a neke od najzanimljivijih tema bile su \u201ePostoje li vanzemaljci?\u201c te \u201eIma li svemir kraj?\u201c Nakon upoznavanja svemirskog prostranstva, prou\u010dili su teleskop te saznali \u010demu on slu\u017ei. Na kraju dana u paru su slikali planete Sun\u010devog sustava te njima ukrasili razredni pano.<\/p>\n<p>Na prilo\u017eenim fotografijama pogledajte kako su se u\u010denici zabavljali i istra\u017eivali i uvjerite se da je atmosfera u u\u010dionici bila radna, ali i vesela.<\/p>\n<p>Jelena \u0160alamun<\/p>\n<p>&nbsp;<\/p>\n<p><img loading=\"lazy\" decoding=\"async\" class=\"size-medium wp-image-1900 aligncenter\" src=\"http:\/\/skolski-puls.com.hr\/wp-content\/uploads\/2018\/10\/20181009_235447-300x169.jpg\" alt=\"\" width=\"300\" height=\"169\" \/><\/p>\n<p><img loading=\"lazy\" decoding=\"async\" class=\"alignnone size-medium wp-image-1899\" src=\"http:\/\/skolski-puls.com.hr\/wp-content\/uploads\/2018\/10\/20181009_235340-169x300.jpg\" alt=\"\" width=\"169\" height=\"300\" \/> <img loading=\"lazy\" decoding=\"async\" class=\"alignnone size-medium wp-image-1901\" src=\"http:\/\/skolski-puls.com.hr\/wp-content\/uploads\/2018\/10\/20181009_235556-169x300.jpg\" alt=\"\" width=\"169\" height=\"300\" \/> <img loading=\"lazy\" decoding=\"async\" class=\"alignnone size-medium wp-image-1902\" src=\"http:\/\/skolski-puls.com.hr\/wp-content\/uploads\/2018\/10\/20181009_235756-169x300.jpg\" alt=\"\" width=\"169\" height=\"300\" \/> <img loading=\"lazy\" decoding=\"async\" class=\"size-medium wp-image-1903 aligncenter\" src=\"http:\/\/skolski-puls.com.hr\/wp-content\/uploads\/2018\/10\/20181009_105616-300x169.jpg\" alt=\"\" width=\"300\" height=\"169\" \/><\/p>\n","protected":false},"excerpt":{"rendered":"<p>Svjetski tjedan svemira obilje\u017eava se svake godine od 4. do 10. listopada. U\u010denici 2. c\u00a0 razreda iskoristili su priliku i stekli su nova znanja o svemiru. Obilje\u017eavanje Svjetskog tjedna svemira odvija se pod okriljem World Space Week Associationa (WSWA). To je najve\u0107a svjetska obrazovna organizacija povezana sa svemirom, a pokrenuli su je Ujedinjeni narodi, Vije\u0107e [&hellip;]<\/p>\n","protected":false},"author":2,"featured_media":1898,"comment_status":"open","ping_status":"open","sticky":false,"template":"","format":"standard","meta":{"footnotes":""},"categories":[17],"tags":[],"class_list":["post-1897","post","type-post","status-publish","format-standard","has-post-thumbnail","hentry","category-foto-vijesti"],"_links":{"self":[{"href":"https:\/\/skolski-puls.com.hr\/index.php?rest_route=\/wp\/v2\/posts\/1897","targetHints":{"allow":["GET"]}}],"collection":[{"href":"https:\/\/skolski-puls.com.hr\/index.php?rest_route=\/wp\/v2\/posts"}],"about":[{"href":"https:\/\/skolski-puls.com.hr\/index.php?rest_route=\/wp\/v2\/types\/post"}],"author":[{"embeddable":true,"href":"https:\/\/skolski-puls.com.hr\/index.php?rest_route=\/wp\/v2\/users\/2"}],"replies":[{"embeddable":true,"href":"https:\/\/skolski-puls.com.hr\/index.php?rest_route=%2Fwp%2Fv2%2Fcomments&post=1897"}],"version-history":[{"count":1,"href":"https:\/\/skolski-puls.com.hr\/index.php?rest_route=\/wp\/v2\/posts\/1897\/revisions"}],"predecessor-version":[{"id":1904,"href":"https:\/\/skolski-puls.com.hr\/index.php?rest_route=\/wp\/v2\/posts\/1897\/revisions\/1904"}],"wp:featuredmedia":[{"embeddable":true,"href":"https:\/\/skolski-puls.com.hr\/index.php?rest_route=\/wp\/v2\/media\/1898"}],"wp:attachment":[{"href":"https:\/\/skolski-puls.com.hr\/index.php?rest_route=%2Fwp%2Fv2%2Fmedia&parent=1897"}],"wp:term":[{"taxonomy":"category","embeddable":true,"href":"https:\/\/skolski-puls.com.hr\/index.php?rest_route=%2Fwp%2Fv2%2Fcategories&post=1897"},{"taxonomy":"post_tag","embeddable":true,"href":"https:\/\/skolski-puls.com.hr\/index.php?rest_route=%2Fwp%2Fv2%2Ftags&post=1897"}],"curies":[{"name":"wp","href":"https:\/\/api.w.org\/{rel}","templated":true}]}}