{"id":1907,"date":"2018-10-12T13:35:04","date_gmt":"2018-10-12T13:35:04","guid":{"rendered":"http:\/\/skolski-puls.com.hr\/?p=1907"},"modified":"2018-10-26T13:44:31","modified_gmt":"2018-10-26T13:44:31","slug":"vremenska-kapsula","status":"publish","type":"post","link":"https:\/\/skolski-puls.com.hr\/?p=1907","title":{"rendered":"Vremenska kapsula"},"content":{"rendered":"<p>Dana 5. 10.\u00a0\u00a02018. godine zakopali smo vremensku kapsulu. S ostalom djecom i mladima iz Vara\u017edina u kapsulu smo stavili pisma, crte\u017ee i drage predmete. Projekt je pokrenulo Dru\u0161tvo Na\u0161a djeca Vara\u017edin povodom Europske godine kulturne ba\u0161tine. Zato smo mi, za budu\u0107e generacije, odlu\u010dili pohraniti i sa\u010duvati na\u0161u ba\u0161tinu. Kapsula je zakopana u Parku mladih u Vara\u017edinu, a tamo \u0107e ostati do 2068. godine. Tada, kada \u0107emo mi biti bake i djedovi, djeca na\u0161ih godina mo\u0107i \u0107e vidjeti \u0161to nam je u 2018. bilo va\u017eno i \u010dime smo se bavili i igrali. Meni bi bilo zanimljivo vidjeti \u010dime su se moji baka i djed zabavljali kada su bili mojih godina i vjerujem da \u0107e se i djeca 2068. godine dobro zabaviti i nasmijati, a mo\u017eda i pone\u0161to nau\u010diti.<\/p>\n<p>Lena D\u017eubur, 5. c<\/p>\n<p><img loading=\"lazy\" decoding=\"async\" class=\"alignnone size-medium wp-image-1910\" src=\"http:\/\/skolski-puls.com.hr\/wp-content\/uploads\/2018\/10\/IMG-20181009-WA0002-300x169.jpg\" alt=\"\" width=\"300\" height=\"169\" \/><img loading=\"lazy\" decoding=\"async\" class=\"alignnone size-medium wp-image-1909\" src=\"http:\/\/skolski-puls.com.hr\/wp-content\/uploads\/2018\/10\/IMG-20181009-WA0000-300x169.jpg\" alt=\"\" width=\"300\" height=\"169\" \/><\/p>\n","protected":false},"excerpt":{"rendered":"<p>Dana 5. 10.\u00a0\u00a02018. godine zakopali smo vremensku kapsulu. S ostalom djecom i mladima iz Vara\u017edina u kapsulu smo stavili pisma, crte\u017ee i drage predmete. Projekt je pokrenulo Dru\u0161tvo Na\u0161a djeca Vara\u017edin povodom Europske godine kulturne ba\u0161tine. Zato smo mi, za budu\u0107e generacije, odlu\u010dili pohraniti i sa\u010duvati na\u0161u ba\u0161tinu. Kapsula je zakopana u Parku mladih u [&hellip;]<\/p>\n","protected":false},"author":2,"featured_media":1908,"comment_status":"open","ping_status":"open","sticky":false,"template":"","format":"standard","meta":{"footnotes":""},"categories":[17],"tags":[],"class_list":["post-1907","post","type-post","status-publish","format-standard","has-post-thumbnail","hentry","category-foto-vijesti"],"_links":{"self":[{"href":"https:\/\/skolski-puls.com.hr\/index.php?rest_route=\/wp\/v2\/posts\/1907","targetHints":{"allow":["GET"]}}],"collection":[{"href":"https:\/\/skolski-puls.com.hr\/index.php?rest_route=\/wp\/v2\/posts"}],"about":[{"href":"https:\/\/skolski-puls.com.hr\/index.php?rest_route=\/wp\/v2\/types\/post"}],"author":[{"embeddable":true,"href":"https:\/\/skolski-puls.com.hr\/index.php?rest_route=\/wp\/v2\/users\/2"}],"replies":[{"embeddable":true,"href":"https:\/\/skolski-puls.com.hr\/index.php?rest_route=%2Fwp%2Fv2%2Fcomments&post=1907"}],"version-history":[{"count":2,"href":"https:\/\/skolski-puls.com.hr\/index.php?rest_route=\/wp\/v2\/posts\/1907\/revisions"}],"predecessor-version":[{"id":1937,"href":"https:\/\/skolski-puls.com.hr\/index.php?rest_route=\/wp\/v2\/posts\/1907\/revisions\/1937"}],"wp:featuredmedia":[{"embeddable":true,"href":"https:\/\/skolski-puls.com.hr\/index.php?rest_route=\/wp\/v2\/media\/1908"}],"wp:attachment":[{"href":"https:\/\/skolski-puls.com.hr\/index.php?rest_route=%2Fwp%2Fv2%2Fmedia&parent=1907"}],"wp:term":[{"taxonomy":"category","embeddable":true,"href":"https:\/\/skolski-puls.com.hr\/index.php?rest_route=%2Fwp%2Fv2%2Fcategories&post=1907"},{"taxonomy":"post_tag","embeddable":true,"href":"https:\/\/skolski-puls.com.hr\/index.php?rest_route=%2Fwp%2Fv2%2Ftags&post=1907"}],"curies":[{"name":"wp","href":"https:\/\/api.w.org\/{rel}","templated":true}]}}