{"id":191,"date":"2017-10-05T11:40:33","date_gmt":"2017-10-05T11:40:33","guid":{"rendered":"http:\/\/skolski-puls.com.hr\/?p=191"},"modified":"2017-10-12T09:27:30","modified_gmt":"2017-10-12T09:27:30","slug":"europski-dan-jezika","status":"publish","type":"post","link":"https:\/\/skolski-puls.com.hr\/?p=191","title":{"rendered":"Europski dan jezika"},"content":{"rendered":"<p><span class=\"dropcap\">P<\/span>ovodom Europskog dana jezika u\u010denici IV. O\u0160 sudjelovali su u manifestaciji koja se odr\u017eavala na Franjeva\u010dkom trgu 30. rujna 2017.<\/p>\n<p>Tom su prilikom sa svojom u\u010diteljicom <strong>Sarom Mlakar<\/strong> te kolegama iz VII. O\u0160 s kojima su dijeli \u0161tand prolaznicima nudili mogu\u0107nost da na tren postanu likovi iz bajke i pritom to trajno obilje\u017ee fotografijom unutar prigodnog okvira i s maskom na licu. Za umjetni\u010dki dojam bila je zadu\u017eena u\u010diteljica likovne kulture na\u0161e \u0160kole <strong>Maja \u0110akmanec Loborec.<\/strong> Prolaznicima su podijeljeni i informativni listi\u0107i o samom doga\u0111aju.<\/p>\n<p>Vesela i kreativna atmosfera na Franjeva\u010dkom trgu prigodom obilje\u017eavanja Europskog dana jezika zasigurno je postigla svoj cilj -poticaj\u00a0 na u\u010denje \u0161to vi\u0161e jezika, u svakoj \u017eivotnoj dobi, u \u0161koli i izvan nje\u00a0 te smo ponosni\u00a0 \u0161to smo bili dio tog doga\u0111aja.<\/p>\n<p>Dora Poljak<\/p>\n","protected":false},"excerpt":{"rendered":"<p>Povodom Europskog dana jezika u\u010denici IV. O\u0160 sudjelovali su u manifestaciji koja se odr\u017eavala na Franjeva\u010dkom trgu 30. rujna 2017. Tom su prilikom sa svojom u\u010diteljicom Sarom Mlakar te kolegama iz VII. O\u0160 s kojima su dijeli \u0161tand prolaznicima nudili mogu\u0107nost da na tren postanu likovi iz bajke i pritom to trajno obilje\u017ee fotografijom unutar [&hellip;]<\/p>\n","protected":false},"author":2,"featured_media":229,"comment_status":"open","ping_status":"open","sticky":false,"template":"","format":"standard","meta":{"footnotes":""},"categories":[10],"tags":[],"class_list":["post-191","post","type-post","status-publish","format-standard","has-post-thumbnail","hentry","category-vijesti"],"_links":{"self":[{"href":"https:\/\/skolski-puls.com.hr\/index.php?rest_route=\/wp\/v2\/posts\/191","targetHints":{"allow":["GET"]}}],"collection":[{"href":"https:\/\/skolski-puls.com.hr\/index.php?rest_route=\/wp\/v2\/posts"}],"about":[{"href":"https:\/\/skolski-puls.com.hr\/index.php?rest_route=\/wp\/v2\/types\/post"}],"author":[{"embeddable":true,"href":"https:\/\/skolski-puls.com.hr\/index.php?rest_route=\/wp\/v2\/users\/2"}],"replies":[{"embeddable":true,"href":"https:\/\/skolski-puls.com.hr\/index.php?rest_route=%2Fwp%2Fv2%2Fcomments&post=191"}],"version-history":[{"count":4,"href":"https:\/\/skolski-puls.com.hr\/index.php?rest_route=\/wp\/v2\/posts\/191\/revisions"}],"predecessor-version":[{"id":264,"href":"https:\/\/skolski-puls.com.hr\/index.php?rest_route=\/wp\/v2\/posts\/191\/revisions\/264"}],"wp:featuredmedia":[{"embeddable":true,"href":"https:\/\/skolski-puls.com.hr\/index.php?rest_route=\/wp\/v2\/media\/229"}],"wp:attachment":[{"href":"https:\/\/skolski-puls.com.hr\/index.php?rest_route=%2Fwp%2Fv2%2Fmedia&parent=191"}],"wp:term":[{"taxonomy":"category","embeddable":true,"href":"https:\/\/skolski-puls.com.hr\/index.php?rest_route=%2Fwp%2Fv2%2Fcategories&post=191"},{"taxonomy":"post_tag","embeddable":true,"href":"https:\/\/skolski-puls.com.hr\/index.php?rest_route=%2Fwp%2Fv2%2Ftags&post=191"}],"curies":[{"name":"wp","href":"https:\/\/api.w.org\/{rel}","templated":true}]}}