{"id":2148,"date":"2019-03-13T12:43:49","date_gmt":"2019-03-13T12:43:49","guid":{"rendered":"http:\/\/skolski-puls.com.hr\/?p=2148"},"modified":"2019-03-13T12:43:49","modified_gmt":"2019-03-13T12:43:49","slug":"uspjeh-nasih-kosarkasica","status":"publish","type":"post","link":"https:\/\/skolski-puls.com.hr\/?p=2148","title":{"rendered":"Uspjeh na\u0161ih ko\u0161arka\u0161ica"},"content":{"rendered":"<p>Ova \u0161kolska godina veoma je uspje\u0161na za ko\u0161arka\u0161ice IV. O\u0160 koje su u obje konkurencije postale \u017eupanijske prvakinje. Nakon osvojenih prvih mjesta na gradskom natjecanju, u\u010denice petih i \u0161estih razreda u finalu \u017eupanijskog prvenstva pobijedile su ekipu O\u0160 Sveti Ilija i tako su se plasirale na poluzavr\u0161no prvenstvo osnovnih \u0161kola u ko\u0161arci koje \u0107e se odr\u017eati u Koprivnici. U\u010denice sedmih i osmih razreda u finalu su pobijedile ekipu O\u0160 Maru\u0161evec i plasirale su se na dr\u017eavno prvenstvo osnovnih \u0161kola u ko\u0161arci koje \u0107e se odr\u017eati u Pore\u010du od 6. do 8. svibnja.<\/p>\n<p>Za ekipu petih i \u0161estih razreda nastupile su: Tia \u017divkovi\u0107, Monika Janju\u0161evi\u0107, Lana Mutvar, Ema Brkinja\u010d, Lea Golub, Vita Klape\u017e, Jana Ko\u0161\u010dak, Gabrijela Kasun i Elizabeta Kasun.<\/p>\n<p>Za ekipu sedmih i osmih razreda nastupile su: Jana Ko\u0161\u010dak, Ema Brkinja\u010d, Tia \u017divkovi\u0107, Dorotea Vrbanec, Ira Lukan-Lisec, Petra \u017dani\u0107, Lora Vujec, Klara Ko\u0161\u010dak, Gabrijela Fruk, Monika Hanj\u0161 i Nola Vidovi\u0107.<\/p>\n<p>\u010cestitke curama i sretno u Koprivnici i u Pore\u010du!<\/p>\n<p><img loading=\"lazy\" decoding=\"async\" class=\"size-medium wp-image-2150 aligncenter\" src=\"http:\/\/skolski-puls.com.hr\/wp-content\/uploads\/2019\/03\/IMG_20190308_100117-300x225.jpg\" alt=\"\" width=\"300\" height=\"225\" \/><\/p>\n","protected":false},"excerpt":{"rendered":"<p>Ova \u0161kolska godina veoma je uspje\u0161na za ko\u0161arka\u0161ice IV. O\u0160 koje su u obje konkurencije postale \u017eupanijske prvakinje. Nakon osvojenih prvih mjesta na gradskom natjecanju, u\u010denice petih i \u0161estih razreda u finalu \u017eupanijskog prvenstva pobijedile su ekipu O\u0160 Sveti Ilija i tako su se plasirale na poluzavr\u0161no prvenstvo osnovnih \u0161kola u ko\u0161arci koje \u0107e se [&hellip;]<\/p>\n","protected":false},"author":2,"featured_media":2149,"comment_status":"open","ping_status":"open","sticky":false,"template":"","format":"standard","meta":{"footnotes":""},"categories":[10],"tags":[],"class_list":["post-2148","post","type-post","status-publish","format-standard","has-post-thumbnail","hentry","category-vijesti"],"_links":{"self":[{"href":"https:\/\/skolski-puls.com.hr\/index.php?rest_route=\/wp\/v2\/posts\/2148","targetHints":{"allow":["GET"]}}],"collection":[{"href":"https:\/\/skolski-puls.com.hr\/index.php?rest_route=\/wp\/v2\/posts"}],"about":[{"href":"https:\/\/skolski-puls.com.hr\/index.php?rest_route=\/wp\/v2\/types\/post"}],"author":[{"embeddable":true,"href":"https:\/\/skolski-puls.com.hr\/index.php?rest_route=\/wp\/v2\/users\/2"}],"replies":[{"embeddable":true,"href":"https:\/\/skolski-puls.com.hr\/index.php?rest_route=%2Fwp%2Fv2%2Fcomments&post=2148"}],"version-history":[{"count":2,"href":"https:\/\/skolski-puls.com.hr\/index.php?rest_route=\/wp\/v2\/posts\/2148\/revisions"}],"predecessor-version":[{"id":2152,"href":"https:\/\/skolski-puls.com.hr\/index.php?rest_route=\/wp\/v2\/posts\/2148\/revisions\/2152"}],"wp:featuredmedia":[{"embeddable":true,"href":"https:\/\/skolski-puls.com.hr\/index.php?rest_route=\/wp\/v2\/media\/2149"}],"wp:attachment":[{"href":"https:\/\/skolski-puls.com.hr\/index.php?rest_route=%2Fwp%2Fv2%2Fmedia&parent=2148"}],"wp:term":[{"taxonomy":"category","embeddable":true,"href":"https:\/\/skolski-puls.com.hr\/index.php?rest_route=%2Fwp%2Fv2%2Fcategories&post=2148"},{"taxonomy":"post_tag","embeddable":true,"href":"https:\/\/skolski-puls.com.hr\/index.php?rest_route=%2Fwp%2Fv2%2Ftags&post=2148"}],"curies":[{"name":"wp","href":"https:\/\/api.w.org\/{rel}","templated":true}]}}