{"id":2849,"date":"2020-01-20T15:40:26","date_gmt":"2020-01-20T15:40:26","guid":{"rendered":"http:\/\/skolski-puls.com.hr\/?p=2849"},"modified":"2020-01-20T15:40:26","modified_gmt":"2020-01-20T15:40:26","slug":"e-skole-putevima-digitalnih-kompetencija-edukacija-za-ucitelje","status":"publish","type":"post","link":"https:\/\/skolski-puls.com.hr\/?p=2849","title":{"rendered":"e-\u0160kole: Putevima digitalnih kompetencija &#8211; edukacija za u\u010ditelje"},"content":{"rendered":"<p>U\u010ditelji IV.O\u0160 educirali su se na podru\u010dju digitalnih kompetencija. Edukaciju za u\u010ditelje kprovodi CARNET, a predava\u010dica je bila prof. Stela Paveti\u0107.<\/p>\n<p>Cilj \u00a0je informirati odgojno-obrazovne djelatnike o programu obrazovanja koji \u0107e se provoditi u sklopu projekta e-\u0160kole i koji \u0107e im omogu\u0107iti razvoj digitalnih kompetecija potrebnih za provedbu suvremene nastave i obrazovanje budu\u0107ih digitalno kompetentnih u\u010denika.<\/p>\n<p>Ulaskom u CARNET-ov projekt \u201ee-\u0160kole: Razvoj sustava digitalno zrelih \u0161kola (II. faza)\u201d koji \u0107e se provoditi do 2022. godine, IV.O\u0160 postaje e-\u0160kola. Tijekom projekta osigurat \u0107e se adekvatna infrastrukturu, oprema i e-usluge, a va\u017ean dio ovog projekta je obrazovanje odgojno-obrazovnih djelatnika za razvoj digitalnih kompetencija. U\u010ditelji \u0107e mo\u0107i sudjelovati u \u00a0radionicama, webinarima i e-te\u010dajevima, ali i samostalno u\u010diti uz digitalne sadr\u017eaje.<\/p>\n<div id='gallery-1' class='gallery galleryid-2849 gallery-columns-3 gallery-size-thumbnail'><figure class='gallery-item'>\n\t\t\t<div class='gallery-icon landscape'>\n\t\t\t\t<a href='https:\/\/skolski-puls.com.hr\/wp-content\/uploads\/2020\/01\/CF4049F5-1407-4B71-AB3A-2CBAADF096EA.jpeg'><img loading=\"lazy\" decoding=\"async\" width=\"150\" height=\"150\" src=\"https:\/\/skolski-puls.com.hr\/wp-content\/uploads\/2020\/01\/CF4049F5-1407-4B71-AB3A-2CBAADF096EA-150x150.jpeg\" class=\"attachment-thumbnail size-thumbnail\" alt=\"\" \/><\/a>\n\t\t\t<\/div><\/figure><figure class='gallery-item'>\n\t\t\t<div class='gallery-icon landscape'>\n\t\t\t\t<a href='https:\/\/skolski-puls.com.hr\/wp-content\/uploads\/2020\/01\/99F74E4E-7CC7-4A46-B1EF-9A8D21F2666D.jpeg'><img loading=\"lazy\" decoding=\"async\" width=\"150\" height=\"150\" src=\"https:\/\/skolski-puls.com.hr\/wp-content\/uploads\/2020\/01\/99F74E4E-7CC7-4A46-B1EF-9A8D21F2666D-150x150.jpeg\" class=\"attachment-thumbnail size-thumbnail\" alt=\"\" \/><\/a>\n\t\t\t<\/div><\/figure><figure class='gallery-item'>\n\t\t\t<div class='gallery-icon landscape'>\n\t\t\t\t<a href='https:\/\/skolski-puls.com.hr\/wp-content\/uploads\/2020\/01\/89EE89F9-DEE4-4E28-ACCB-E47A4D295C32.jpeg'><img loading=\"lazy\" decoding=\"async\" width=\"150\" height=\"150\" src=\"https:\/\/skolski-puls.com.hr\/wp-content\/uploads\/2020\/01\/89EE89F9-DEE4-4E28-ACCB-E47A4D295C32-150x150.jpeg\" class=\"attachment-thumbnail size-thumbnail\" alt=\"\" \/><\/a>\n\t\t\t<\/div><\/figure><figure class='gallery-item'>\n\t\t\t<div class='gallery-icon landscape'>\n\t\t\t\t<a href='https:\/\/skolski-puls.com.hr\/wp-content\/uploads\/2020\/01\/4D4BC998-AC76-4D1D-8191-E298FB94F941.jpeg'><img loading=\"lazy\" decoding=\"async\" width=\"150\" height=\"150\" src=\"https:\/\/skolski-puls.com.hr\/wp-content\/uploads\/2020\/01\/4D4BC998-AC76-4D1D-8191-E298FB94F941-150x150.jpeg\" class=\"attachment-thumbnail size-thumbnail\" alt=\"\" \/><\/a>\n\t\t\t<\/div><\/figure><figure class='gallery-item'>\n\t\t\t<div class='gallery-icon landscape'>\n\t\t\t\t<a href='https:\/\/skolski-puls.com.hr\/wp-content\/uploads\/2020\/01\/67157233-37A1-4F35-9947-FBE737127AC4.jpeg'><img loading=\"lazy\" decoding=\"async\" width=\"150\" height=\"150\" src=\"https:\/\/skolski-puls.com.hr\/wp-content\/uploads\/2020\/01\/67157233-37A1-4F35-9947-FBE737127AC4-150x150.jpeg\" class=\"attachment-thumbnail size-thumbnail\" alt=\"\" \/><\/a>\n\t\t\t<\/div><\/figure>\n\t\t<\/div>\n\n","protected":false},"excerpt":{"rendered":"<p>U\u010ditelji IV.O\u0160 educirali su se na podru\u010dju digitalnih kompetencija. Edukaciju za u\u010ditelje kprovodi CARNET, a predava\u010dica je bila prof. Stela Paveti\u0107. Cilj \u00a0je informirati odgojno-obrazovne djelatnike o programu obrazovanja koji \u0107e se provoditi u sklopu projekta e-\u0160kole i koji \u0107e im omogu\u0107iti razvoj digitalnih kompetecija potrebnih za provedbu suvremene nastave i obrazovanje budu\u0107ih digitalno kompetentnih [&hellip;]<\/p>\n","protected":false},"author":2,"featured_media":2854,"comment_status":"open","ping_status":"open","sticky":false,"template":"","format":"standard","meta":{"footnotes":""},"categories":[15,10],"tags":[],"class_list":["post-2849","post","type-post","status-publish","format-standard","has-post-thumbnail","hentry","category-projekti","category-vijesti"],"_links":{"self":[{"href":"https:\/\/skolski-puls.com.hr\/index.php?rest_route=\/wp\/v2\/posts\/2849","targetHints":{"allow":["GET"]}}],"collection":[{"href":"https:\/\/skolski-puls.com.hr\/index.php?rest_route=\/wp\/v2\/posts"}],"about":[{"href":"https:\/\/skolski-puls.com.hr\/index.php?rest_route=\/wp\/v2\/types\/post"}],"author":[{"embeddable":true,"href":"https:\/\/skolski-puls.com.hr\/index.php?rest_route=\/wp\/v2\/users\/2"}],"replies":[{"embeddable":true,"href":"https:\/\/skolski-puls.com.hr\/index.php?rest_route=%2Fwp%2Fv2%2Fcomments&post=2849"}],"version-history":[{"count":1,"href":"https:\/\/skolski-puls.com.hr\/index.php?rest_route=\/wp\/v2\/posts\/2849\/revisions"}],"predecessor-version":[{"id":2855,"href":"https:\/\/skolski-puls.com.hr\/index.php?rest_route=\/wp\/v2\/posts\/2849\/revisions\/2855"}],"wp:featuredmedia":[{"embeddable":true,"href":"https:\/\/skolski-puls.com.hr\/index.php?rest_route=\/wp\/v2\/media\/2854"}],"wp:attachment":[{"href":"https:\/\/skolski-puls.com.hr\/index.php?rest_route=%2Fwp%2Fv2%2Fmedia&parent=2849"}],"wp:term":[{"taxonomy":"category","embeddable":true,"href":"https:\/\/skolski-puls.com.hr\/index.php?rest_route=%2Fwp%2Fv2%2Fcategories&post=2849"},{"taxonomy":"post_tag","embeddable":true,"href":"https:\/\/skolski-puls.com.hr\/index.php?rest_route=%2Fwp%2Fv2%2Ftags&post=2849"}],"curies":[{"name":"wp","href":"https:\/\/api.w.org\/{rel}","templated":true}]}}