{"id":3135,"date":"2020-10-08T10:39:14","date_gmt":"2020-10-08T10:39:14","guid":{"rendered":"http:\/\/skolski-puls.com.hr\/?p=3135"},"modified":"2020-10-08T10:39:14","modified_gmt":"2020-10-08T10:39:14","slug":"suradnja-iv-os-i-srednje-skole-arboretum-opeka","status":"publish","type":"post","link":"https:\/\/skolski-puls.com.hr\/?p=3135","title":{"rendered":"Suradnja IV. O\u0160 i Srednje \u0161kole Arboretum Opeka"},"content":{"rendered":"<p>Srednja \u0161kola Arboretum Opeka imenovana je 2018. Regionalnim centrom kompetentnosti u poljoprivredi. Trenutno provode projekt \u010dija je svrha promoviranje strukovnih zanimanja te informiranje o aktivnostima i programima koje provodi RCK, strukovnim zanimanjima i zapo\u0161ljivosti nakon zavr\u0161etka \u0161kolovanja, a provodi se kroz radionice za roditelje i u\u010denike u RCK-u te radionice u osnovnim \u0161kolama (Izrada povi\u0161enih gredica, Hoteli za kukce, \u010cuvajmo i sadimo tradicijske vrste ukrasnog grmlja, Vrt u boci, Sadnja vanjskih \u017eardinijera, Lon\u010danicama do zdravijeg zraka, Izrada komposta, Ljekoviti i aromati\u010dni vrt, Vrt za dru\u017eenje).<\/p>\n<p>Pedagog Srednje \u0161kole Arboretum Opeka Stjepan Koren te psihologinja Rene Mijatovi\u0107 sa svojim su projektom upoznali ravnateljicu IV. O\u0160 Vara\u017edin Jasminu Dvorski te u\u010diteljice Antoniju Benjak i Marjanu Bor\u0161\u0107ak-Sudec te dogovorili suradnju dviju \u0161kola. Kako u\u010diteljice Benjak i Bor\u0161\u0107ak-Sudec odr\u017eavaju izvannastavnu aktivnost naziva Eko vrt i biljke, a s naglaskom na ljekovito bilje, predlo\u017eeno je da se suradnja odvija u tom smjeru kroz izradu visokih gredica i sl.<\/p>\n<p>Veselimo se suradnji IV. O\u0160 i Srednje \u0161kole Arboretum Opeka te novim i zanimljivim iskustvima te znanjima koja \u0107e iz suradnje proiza\u0107i.<\/p>\n","protected":false},"excerpt":{"rendered":"<p>Srednja \u0161kola Arboretum Opeka imenovana je 2018. Regionalnim centrom kompetentnosti u poljoprivredi. Trenutno provode projekt \u010dija je svrha promoviranje strukovnih zanimanja te informiranje o aktivnostima i programima koje provodi RCK, strukovnim zanimanjima i zapo\u0161ljivosti nakon zavr\u0161etka \u0161kolovanja, a provodi se kroz radionice za roditelje i u\u010denike u RCK-u te radionice u osnovnim \u0161kolama (Izrada povi\u0161enih [&hellip;]<\/p>\n","protected":false},"author":2,"featured_media":3136,"comment_status":"open","ping_status":"open","sticky":false,"template":"","format":"standard","meta":{"footnotes":""},"categories":[15,10],"tags":[],"class_list":["post-3135","post","type-post","status-publish","format-standard","has-post-thumbnail","hentry","category-projekti","category-vijesti"],"_links":{"self":[{"href":"https:\/\/skolski-puls.com.hr\/index.php?rest_route=\/wp\/v2\/posts\/3135","targetHints":{"allow":["GET"]}}],"collection":[{"href":"https:\/\/skolski-puls.com.hr\/index.php?rest_route=\/wp\/v2\/posts"}],"about":[{"href":"https:\/\/skolski-puls.com.hr\/index.php?rest_route=\/wp\/v2\/types\/post"}],"author":[{"embeddable":true,"href":"https:\/\/skolski-puls.com.hr\/index.php?rest_route=\/wp\/v2\/users\/2"}],"replies":[{"embeddable":true,"href":"https:\/\/skolski-puls.com.hr\/index.php?rest_route=%2Fwp%2Fv2%2Fcomments&post=3135"}],"version-history":[{"count":1,"href":"https:\/\/skolski-puls.com.hr\/index.php?rest_route=\/wp\/v2\/posts\/3135\/revisions"}],"predecessor-version":[{"id":3137,"href":"https:\/\/skolski-puls.com.hr\/index.php?rest_route=\/wp\/v2\/posts\/3135\/revisions\/3137"}],"wp:featuredmedia":[{"embeddable":true,"href":"https:\/\/skolski-puls.com.hr\/index.php?rest_route=\/wp\/v2\/media\/3136"}],"wp:attachment":[{"href":"https:\/\/skolski-puls.com.hr\/index.php?rest_route=%2Fwp%2Fv2%2Fmedia&parent=3135"}],"wp:term":[{"taxonomy":"category","embeddable":true,"href":"https:\/\/skolski-puls.com.hr\/index.php?rest_route=%2Fwp%2Fv2%2Fcategories&post=3135"},{"taxonomy":"post_tag","embeddable":true,"href":"https:\/\/skolski-puls.com.hr\/index.php?rest_route=%2Fwp%2Fv2%2Ftags&post=3135"}],"curies":[{"name":"wp","href":"https:\/\/api.w.org\/{rel}","templated":true}]}}