{"id":3142,"date":"2020-10-11T14:43:13","date_gmt":"2020-10-11T14:43:13","guid":{"rendered":"http:\/\/skolski-puls.com.hr\/?p=3142"},"modified":"2020-10-21T09:06:32","modified_gmt":"2020-10-21T09:06:32","slug":"medunarodna-suradnja-s-osnovnom-skolom-iz-indije","status":"publish","type":"post","link":"https:\/\/skolski-puls.com.hr\/?p=3142","title":{"rendered":"Me\u0111unarodna suradnja s osnovnom \u0161kolom iz Indije"},"content":{"rendered":"<p>U listopadu obilje\u017eavamo <strong>Me\u0111unarodni mjesec \u0161kolskih knji\u017enica<\/strong>.\u00a0 Ove \u0161kolske godine, u\u010denici 4.b razreda, njihova u\u010diteljica Silvija Gr\u0111an-Hosni i \u0161kolska knji\u017eni\u010darka Marina Mavrek povezali su se i ostvarili divnu suradnju s Bal Bharati Public School iz Indije, njihovim u\u010denicima i \u0161kolskom knji\u017eni\u010darkom g\u0111om Mamta Maggu.<\/p>\n<p>Putem platforme Google Meet predstavili smo im na\u0161e narodne bajke, a oni su predstavili svoju zemlju u duhu folklora &#8211; no\u0161nje, glazba i ples, narodna bajka. Ova daleka, ali zemlja bogate i raznolike kulturne ba\u0161tine te osebujne povijesti,\u00a0 postala nam je malo bli\u017ea i poznatija.<\/p>\n<p>Kako je tema ovogodi\u0161njeg Me\u0111unarodnog mjeseca \u0161kolskih knji\u017enica &#8216;Put do zdravlja i dobrobiti&#8217;, na\u0161i u\u010denici su, kroz likovno izra\u017eavanje i pozitivne poruke podr\u0161ke, za\u017eeljeli \u0161to skoriji povratak u \u0161kolske klupe u\u010denicima u Indiji (oni su jo\u0161 uvijek na nastavi na daljinu)i da ova pandemija \u0161to prije do\u0111e do zavr\u0161nog poglavlja.<\/p>\n<p>U nastavku pogledajte njihove radove.<\/p>\n<p><iframe loading=\"lazy\" src=\"https:\/\/spark.adobe.com\/video\/bHcWl13hAv3IB\/embed\" width=\"100%\" height=\"250\" frameborder=\"0\" allowfullscreen=\"allowfullscreen\"><\/iframe><\/p>\n<p>Marina Mavrek<\/p>\n","protected":false},"excerpt":{"rendered":"<p>U listopadu obilje\u017eavamo Me\u0111unarodni mjesec \u0161kolskih knji\u017enica.\u00a0 Ove \u0161kolske godine, u\u010denici 4.b razreda, njihova u\u010diteljica Silvija Gr\u0111an-Hosni i \u0161kolska knji\u017eni\u010darka Marina Mavrek povezali su se i ostvarili divnu suradnju s Bal Bharati Public School iz Indije, njihovim u\u010denicima i \u0161kolskom knji\u017eni\u010darkom g\u0111om Mamta Maggu. Putem platforme Google Meet predstavili smo im na\u0161e narodne bajke, a [&hellip;]<\/p>\n","protected":false},"author":2,"featured_media":3143,"comment_status":"open","ping_status":"open","sticky":false,"template":"","format":"standard","meta":{"footnotes":""},"categories":[15],"tags":[],"class_list":["post-3142","post","type-post","status-publish","format-standard","has-post-thumbnail","hentry","category-projekti"],"_links":{"self":[{"href":"https:\/\/skolski-puls.com.hr\/index.php?rest_route=\/wp\/v2\/posts\/3142","targetHints":{"allow":["GET"]}}],"collection":[{"href":"https:\/\/skolski-puls.com.hr\/index.php?rest_route=\/wp\/v2\/posts"}],"about":[{"href":"https:\/\/skolski-puls.com.hr\/index.php?rest_route=\/wp\/v2\/types\/post"}],"author":[{"embeddable":true,"href":"https:\/\/skolski-puls.com.hr\/index.php?rest_route=\/wp\/v2\/users\/2"}],"replies":[{"embeddable":true,"href":"https:\/\/skolski-puls.com.hr\/index.php?rest_route=%2Fwp%2Fv2%2Fcomments&post=3142"}],"version-history":[{"count":12,"href":"https:\/\/skolski-puls.com.hr\/index.php?rest_route=\/wp\/v2\/posts\/3142\/revisions"}],"predecessor-version":[{"id":3168,"href":"https:\/\/skolski-puls.com.hr\/index.php?rest_route=\/wp\/v2\/posts\/3142\/revisions\/3168"}],"wp:featuredmedia":[{"embeddable":true,"href":"https:\/\/skolski-puls.com.hr\/index.php?rest_route=\/wp\/v2\/media\/3143"}],"wp:attachment":[{"href":"https:\/\/skolski-puls.com.hr\/index.php?rest_route=%2Fwp%2Fv2%2Fmedia&parent=3142"}],"wp:term":[{"taxonomy":"category","embeddable":true,"href":"https:\/\/skolski-puls.com.hr\/index.php?rest_route=%2Fwp%2Fv2%2Fcategories&post=3142"},{"taxonomy":"post_tag","embeddable":true,"href":"https:\/\/skolski-puls.com.hr\/index.php?rest_route=%2Fwp%2Fv2%2Ftags&post=3142"}],"curies":[{"name":"wp","href":"https:\/\/api.w.org\/{rel}","templated":true}]}}