{"id":3199,"date":"2020-11-03T14:38:41","date_gmt":"2020-11-03T14:38:41","guid":{"rendered":"http:\/\/skolski-puls.com.hr\/?p=3199"},"modified":"2020-11-03T14:39:08","modified_gmt":"2020-11-03T14:39:08","slug":"mladen-kusec1938-2020","status":"publish","type":"post","link":"https:\/\/skolski-puls.com.hr\/?p=3199","title":{"rendered":"Mladen Ku\u0161ec (1938. \u2013 2020.)"},"content":{"rendered":"<p><span data-contrast=\"auto\">\u00a0\u00a0<\/span><span data-contrast=\"auto\">Ova godina ostat \u0107e upam\u0107ena kao godina gubitaka. Zauvijek su nas napustili brojni glumci, glazbenici i knji\u017eevnici. Posljednji u tom nizu je autor koji je svojim stvarala\u0161tvom obilje\u017eio djetinjstvo brojnih dje\u010daka i djevoj\u010dica koji su danas odrasli ljudi.\u00a0<\/span><span data-ccp-props=\"{&quot;201341983&quot;:0,&quot;335559739&quot;:160,&quot;335559740&quot;:259}\">\u00a0<\/span><\/p>\n<p><span data-contrast=\"auto\">\u00a0\u00a0\u00a0<\/span><span data-contrast=\"auto\">U ponedjeljak, 2. 11. 2020. preminuo je legendarni radijski i televizijski novinar i knji\u017eevnik Mladen Ku\u0161ec. Prvu pjesmu objavio je u 15. godini. Nakon studija radio je kao novinar i urednik na Radio Zagrebu. Generacije slu\u0161atelja pamte njegove radijske emisije za djecu i mlade\u00a0<\/span><span data-contrast=\"auto\">Tonkica<\/span><span data-contrast=\"auto\">\u00a0<\/span><span data-contrast=\"auto\">Palonkica<\/span><span data-contrast=\"auto\">,\u00a0<\/span><span data-contrast=\"auto\">frrr<\/span><span data-contrast=\"auto\">, Patuljci pojma nemaju, Bijela vrana\u2026Bio je urednik Obrazovnog i dje\u010djeg programa Hrvatskog radija, urednik Radio Sljemena. Autor je tridesetak naslova za djecu i mlade(Plavi kaputi\u0107, Mama, tata i ja,\u00a0<\/span><span data-contrast=\"auto\">Donatela<\/span><span data-contrast=\"auto\">,\u00a0<\/span><span data-contrast=\"auto\">Dobar dan, Krijesnice predgra\u0111a\u2026<\/span><span data-contrast=\"auto\">)<\/span><span data-contrast=\"auto\">. Za svoje stvarala\u0161tvo\u00a0 nagra\u0111en je brojnim nagradama.<\/span><span data-ccp-props=\"{&quot;201341983&quot;:0,&quot;335559739&quot;:160,&quot;335559740&quot;:259}\">\u00a0<\/span><\/p>\n<p><span data-contrast=\"auto\">\u00a0\u00a0\u00a0<\/span><span data-contrast=\"auto\">Ono \u010dega se sje\u0107aju slu\u0161atelji njegovih emisija radost je, optimizam i strast kojom je pristupao svom poslu i svojim sugovornicima \u2013 djeci. Znao im je pristupiti kao prijatelj i razgovarati o temama koje su im bliske: \u0161koli, prijateljima, hobijima, snovima, obitelji i odnosima sa roditeljima i bra\u0107om.<\/span><span data-contrast=\"auto\">\u00a0Njegovi su sugovornici prepoznali njegovu naklonost i ljubav te su mu uzvratili iskreno\u0161\u0107u i otvoreno\u0161\u0107u te mu stalno iznova dokazivali ono u \u0161to je i sam vjerovao &#8211;\u00a0 da su djeca \u010desto zrelija i pronicljivija od odraslih ljudi.\u00a0\u00a0<\/span><span data-ccp-props=\"{&quot;201341983&quot;:0,&quot;335559739&quot;:160,&quot;335559740&quot;:259}\">\u00a0<\/span><\/p>\n<p>Ines Ercegovac<\/p>\n","protected":false},"excerpt":{"rendered":"<p>\u00a0\u00a0Ova godina ostat \u0107e upam\u0107ena kao godina gubitaka. Zauvijek su nas napustili brojni glumci, glazbenici i knji\u017eevnici. Posljednji u tom nizu je autor koji je svojim stvarala\u0161tvom obilje\u017eio djetinjstvo brojnih dje\u010daka i djevoj\u010dica koji su danas odrasli ljudi.\u00a0\u00a0 \u00a0\u00a0\u00a0U ponedjeljak, 2. 11. 2020. preminuo je legendarni radijski i televizijski novinar i knji\u017eevnik Mladen Ku\u0161ec. Prvu [&hellip;]<\/p>\n","protected":false},"author":2,"featured_media":3200,"comment_status":"open","ping_status":"open","sticky":false,"template":"","format":"standard","meta":{"footnotes":""},"categories":[14],"tags":[],"class_list":["post-3199","post","type-post","status-publish","format-standard","has-post-thumbnail","hentry","category-iz-skolskog-hodnika"],"_links":{"self":[{"href":"https:\/\/skolski-puls.com.hr\/index.php?rest_route=\/wp\/v2\/posts\/3199","targetHints":{"allow":["GET"]}}],"collection":[{"href":"https:\/\/skolski-puls.com.hr\/index.php?rest_route=\/wp\/v2\/posts"}],"about":[{"href":"https:\/\/skolski-puls.com.hr\/index.php?rest_route=\/wp\/v2\/types\/post"}],"author":[{"embeddable":true,"href":"https:\/\/skolski-puls.com.hr\/index.php?rest_route=\/wp\/v2\/users\/2"}],"replies":[{"embeddable":true,"href":"https:\/\/skolski-puls.com.hr\/index.php?rest_route=%2Fwp%2Fv2%2Fcomments&post=3199"}],"version-history":[{"count":2,"href":"https:\/\/skolski-puls.com.hr\/index.php?rest_route=\/wp\/v2\/posts\/3199\/revisions"}],"predecessor-version":[{"id":3202,"href":"https:\/\/skolski-puls.com.hr\/index.php?rest_route=\/wp\/v2\/posts\/3199\/revisions\/3202"}],"wp:featuredmedia":[{"embeddable":true,"href":"https:\/\/skolski-puls.com.hr\/index.php?rest_route=\/wp\/v2\/media\/3200"}],"wp:attachment":[{"href":"https:\/\/skolski-puls.com.hr\/index.php?rest_route=%2Fwp%2Fv2%2Fmedia&parent=3199"}],"wp:term":[{"taxonomy":"category","embeddable":true,"href":"https:\/\/skolski-puls.com.hr\/index.php?rest_route=%2Fwp%2Fv2%2Fcategories&post=3199"},{"taxonomy":"post_tag","embeddable":true,"href":"https:\/\/skolski-puls.com.hr\/index.php?rest_route=%2Fwp%2Fv2%2Ftags&post=3199"}],"curies":[{"name":"wp","href":"https:\/\/api.w.org\/{rel}","templated":true}]}}