{"id":3203,"date":"2020-11-04T07:05:07","date_gmt":"2020-11-04T07:05:07","guid":{"rendered":"http:\/\/skolski-puls.com.hr\/?p=3203"},"modified":"2020-11-04T07:05:07","modified_gmt":"2020-11-04T07:05:07","slug":"projekt-stop-enasilju","status":"publish","type":"post","link":"https:\/\/skolski-puls.com.hr\/?p=3203","title":{"rendered":"Projekt #stop (e)nasilju"},"content":{"rendered":"<p>Projekt #stop(e)nasilju provodi <em>Dru\u0161tvo za komunikacijsku i medijsku kulturu<\/em>\u00a0 uz potporu <em>Agencije za elektroni\u010dke medije. <\/em>Provedba je zapo\u010dela u drugom polugodi\u0161tu pro\u0161le \u0161kolske godine. Projektom je u na\u0161oj \u0160koli predvi\u0111eno predavanje na temu sigurnosti i privatnosti, elektroni\u010dkog nasilja i dru\u0161tvenih mre\u017ea. Sudjelovali su u\u010denici 6.a,b i c razreda na satovima Hrvatskog jezika i Satu razrednika. Predavanje na kojem su u\u010denici\u00a0 pogledali video u trajanju 30-ak minuta (snimka predavanja DKMK-a) uz raspravu potaknutu predavanjem odr\u017eala je knji\u017eni\u010darka <strong>Marina Mavrek<\/strong>.<\/p>\n<p><span data-contrast=\"auto\">Zamislite koliko ljudi na svijetu koristi int<\/span><span data-contrast=\"auto\">e<\/span><span data-contrast=\"auto\">rnet<\/span><span data-contrast=\"auto\">\u00a0<\/span><span data-contrast=\"auto\">i koliko je\u00a0<\/span><span data-contrast=\"auto\">opasnosti na njemu<\/span><span data-contrast=\"auto\">.<\/span><span data-contrast=\"auto\">\u00a0Zato<\/span><span data-contrast=\"auto\"> ga moramo nau\u010diti koristiti na siguran na\u010din<\/span><span data-contrast=\"auto\">. Ne smijemo otvarati stranice za koje <\/span><span data-contrast=\"auto\">nismo sigurni da nemaju virus, ne smijemo se obratiti osobi koju ne poznajemo. <\/span><span data-ccp-props=\"{&quot;201341983&quot;:0,&quot;335559739&quot;:160,&quot;335559740&quot;:240}\">\u00a0<\/span><\/p>\n<p><span data-contrast=\"auto\">\u00a0\u00a0\u00a0\u00a0<\/span><span data-contrast=\"auto\">Mi smo sa na\u0161om knji<\/span><span data-contrast=\"auto\">\u017eni\u010darkom p<\/span><span data-contrast=\"auto\">ogledali video u kojem predava\u010dica iz DKMK-a pri\u010da \u0161to je<\/span><span data-contrast=\"auto\">\u00a0elektroni\u010dko nasilje(cyber\u00a0<\/span><span data-contrast=\"auto\">bullyi<\/span><span data-contrast=\"auto\">n<\/span><span data-contrast=\"auto\">g<\/span><span data-contrast=\"auto\">)<\/span><span data-contrast=\"auto\"> i gdje se<\/span><span data-contrast=\"auto\">\u00a0naj\u010de\u0161\u0107e\u00a0<\/span><span data-contrast=\"auto\">se\u00a0<\/span><span data-contrast=\"auto\">pojavljuje; npr. TikTok, Instagram, Facebook&#8230;<\/span><\/p>\n<p><span data-contrast=\"auto\"> E<\/span><span data-contrast=\"auto\">lektroni\u010dko nasilje<\/span><span data-contrast=\"auto\"> je zlostavljanje putem interneta<\/span><span data-contrast=\"auto\">. Nau\u010dili smo kako se sigurno koristiti aplikacijama koje spadaju u dru\u0161tvene mre\u017ee, kako podesiti postavke za bolju sigurnost te na koji se na\u010din naj\u010de\u0161\u0107e doga\u0111a nasilje na dru\u0161tvenim mre\u017eama<\/span><span data-contrast=\"auto\">. <\/span><span data-contrast=\"auto\">U komentare na TikToku pi\u0161u neprimjerne rije\u010di<\/span><span data-contrast=\"auto\">, vrije\u0111aju se i objavljuju neprimjerene fotografije. Na Facebooku \u010desto rade grupe u kojoj <\/span><span data-contrast=\"auto\">vrije\u0111aju neku osobu. Na Instagramu\u00a0<\/span><span data-contrast=\"auto\">objave neku privatnu sliku koje se ta osoba s<\/span><span data-contrast=\"auto\">rami&#8230;<\/span><span data-contrast=\"auto\">\u00a0Viber i\u00a0<\/span><span data-contrast=\"auto\">Whats<\/span><span data-contrast=\"auto\">A<\/span><span data-contrast=\"auto\">pp<\/span><span data-contrast=\"auto\"> te uglavnom<\/span><span data-contrast=\"auto\"> povezuju<\/span><span data-contrast=\"auto\"> s osobama koje poznaje\u0161 i vjeruje\u0161 im, baren bi tako trebalo biti. Ali, i tu mo\u017eemo do\u017eivjeti nasilje te je uvijek va\u017eno reagirati i prijaviti nasilje osobi koja nam mo\u017ee pomo\u0107i.<\/span><\/p>\n<p>Pripazite na svoju sigurnost na internetu i prijavite nasilje kojem ste izlo\u017eeni ili ste svjedok.<\/p>\n<p>Janko Golubi\u0107, 6.a<\/p>\n<div id='gallery-1' class='gallery galleryid-3203 gallery-columns-3 gallery-size-thumbnail'><figure class='gallery-item'>\n\t\t\t<div class='gallery-icon portrait'>\n\t\t\t\t<a href='https:\/\/skolski-puls.com.hr\/wp-content\/uploads\/2020\/11\/IMG_20201016_082228.jpg'><img loading=\"lazy\" decoding=\"async\" width=\"150\" height=\"150\" src=\"https:\/\/skolski-puls.com.hr\/wp-content\/uploads\/2020\/11\/IMG_20201016_082228-150x150.jpg\" class=\"attachment-thumbnail size-thumbnail\" alt=\"\" \/><\/a>\n\t\t\t<\/div><\/figure><figure class='gallery-item'>\n\t\t\t<div class='gallery-icon landscape'>\n\t\t\t\t<a href='https:\/\/skolski-puls.com.hr\/wp-content\/uploads\/2020\/11\/IMG_20201016_082222.jpg'><img loading=\"lazy\" decoding=\"async\" width=\"150\" height=\"150\" src=\"https:\/\/skolski-puls.com.hr\/wp-content\/uploads\/2020\/11\/IMG_20201016_082222-150x150.jpg\" class=\"attachment-thumbnail size-thumbnail\" alt=\"\" \/><\/a>\n\t\t\t<\/div><\/figure><figure class='gallery-item'>\n\t\t\t<div class='gallery-icon portrait'>\n\t\t\t\t<a href='https:\/\/skolski-puls.com.hr\/wp-content\/uploads\/2020\/11\/IMG_20201014_075036.jpg'><img loading=\"lazy\" decoding=\"async\" width=\"150\" height=\"150\" src=\"https:\/\/skolski-puls.com.hr\/wp-content\/uploads\/2020\/11\/IMG_20201014_075036-150x150.jpg\" class=\"attachment-thumbnail size-thumbnail\" alt=\"\" \/><\/a>\n\t\t\t<\/div><\/figure><figure class='gallery-item'>\n\t\t\t<div class='gallery-icon portrait'>\n\t\t\t\t<a href='https:\/\/skolski-puls.com.hr\/wp-content\/uploads\/2020\/11\/IMG_20201014_075024.jpg'><img loading=\"lazy\" decoding=\"async\" width=\"150\" height=\"150\" src=\"https:\/\/skolski-puls.com.hr\/wp-content\/uploads\/2020\/11\/IMG_20201014_075024-150x150.jpg\" class=\"attachment-thumbnail size-thumbnail\" alt=\"\" \/><\/a>\n\t\t\t<\/div><\/figure><figure class='gallery-item'>\n\t\t\t<div class='gallery-icon portrait'>\n\t\t\t\t<a href='https:\/\/skolski-puls.com.hr\/wp-content\/uploads\/2020\/11\/IMG_20201013_081813.jpg'><img loading=\"lazy\" decoding=\"async\" width=\"150\" height=\"150\" src=\"https:\/\/skolski-puls.com.hr\/wp-content\/uploads\/2020\/11\/IMG_20201013_081813-150x150.jpg\" class=\"attachment-thumbnail size-thumbnail\" alt=\"\" \/><\/a>\n\t\t\t<\/div><\/figure><figure class='gallery-item'>\n\t\t\t<div class='gallery-icon landscape'>\n\t\t\t\t<a href='https:\/\/skolski-puls.com.hr\/wp-content\/uploads\/2020\/11\/IMG_20201013_081750.jpg'><img loading=\"lazy\" decoding=\"async\" width=\"150\" height=\"150\" src=\"https:\/\/skolski-puls.com.hr\/wp-content\/uploads\/2020\/11\/IMG_20201013_081750-150x150.jpg\" class=\"attachment-thumbnail size-thumbnail\" alt=\"\" \/><\/a>\n\t\t\t<\/div><\/figure>\n\t\t<\/div>\n\n","protected":false},"excerpt":{"rendered":"<p>Projekt #stop(e)nasilju provodi Dru\u0161tvo za komunikacijsku i medijsku kulturu\u00a0 uz potporu Agencije za elektroni\u010dke medije. Provedba je zapo\u010dela u drugom polugodi\u0161tu pro\u0161le \u0161kolske godine. Projektom je u na\u0161oj \u0160koli predvi\u0111eno predavanje na temu sigurnosti i privatnosti, elektroni\u010dkog nasilja i dru\u0161tvenih mre\u017ea. Sudjelovali su u\u010denici 6.a,b i c razreda na satovima Hrvatskog jezika i Satu razrednika. [&hellip;]<\/p>\n","protected":false},"author":2,"featured_media":3209,"comment_status":"open","ping_status":"open","sticky":false,"template":"","format":"standard","meta":{"footnotes":""},"categories":[15],"tags":[],"class_list":["post-3203","post","type-post","status-publish","format-standard","has-post-thumbnail","hentry","category-projekti"],"_links":{"self":[{"href":"https:\/\/skolski-puls.com.hr\/index.php?rest_route=\/wp\/v2\/posts\/3203","targetHints":{"allow":["GET"]}}],"collection":[{"href":"https:\/\/skolski-puls.com.hr\/index.php?rest_route=\/wp\/v2\/posts"}],"about":[{"href":"https:\/\/skolski-puls.com.hr\/index.php?rest_route=\/wp\/v2\/types\/post"}],"author":[{"embeddable":true,"href":"https:\/\/skolski-puls.com.hr\/index.php?rest_route=\/wp\/v2\/users\/2"}],"replies":[{"embeddable":true,"href":"https:\/\/skolski-puls.com.hr\/index.php?rest_route=%2Fwp%2Fv2%2Fcomments&post=3203"}],"version-history":[{"count":1,"href":"https:\/\/skolski-puls.com.hr\/index.php?rest_route=\/wp\/v2\/posts\/3203\/revisions"}],"predecessor-version":[{"id":3210,"href":"https:\/\/skolski-puls.com.hr\/index.php?rest_route=\/wp\/v2\/posts\/3203\/revisions\/3210"}],"wp:featuredmedia":[{"embeddable":true,"href":"https:\/\/skolski-puls.com.hr\/index.php?rest_route=\/wp\/v2\/media\/3209"}],"wp:attachment":[{"href":"https:\/\/skolski-puls.com.hr\/index.php?rest_route=%2Fwp%2Fv2%2Fmedia&parent=3203"}],"wp:term":[{"taxonomy":"category","embeddable":true,"href":"https:\/\/skolski-puls.com.hr\/index.php?rest_route=%2Fwp%2Fv2%2Fcategories&post=3203"},{"taxonomy":"post_tag","embeddable":true,"href":"https:\/\/skolski-puls.com.hr\/index.php?rest_route=%2Fwp%2Fv2%2Ftags&post=3203"}],"curies":[{"name":"wp","href":"https:\/\/api.w.org\/{rel}","templated":true}]}}