{"id":3926,"date":"2021-10-25T06:19:44","date_gmt":"2021-10-25T06:19:44","guid":{"rendered":"http:\/\/skolski-puls.com.hr\/?p=3926"},"modified":"2021-10-25T07:16:34","modified_gmt":"2021-10-25T07:16:34","slug":"ragovor-s-uciteljima-iz-belgije","status":"publish","type":"post","link":"https:\/\/skolski-puls.com.hr\/?p=3926","title":{"rendered":"Razgovor s u\u010diteljima iz Belgije"},"content":{"rendered":"<p>U\u010ditelji iz Belgije koji su u sklopu Erasmus projekta boravili u IV. osnovnoj \u0161koli zavr\u0161ili su prvi dio svoje mobilnosti i oti\u0161li vidjeti kako izgleda \u0161kolstvo u drugom dijelu Lijepe na\u0161e &#8211; Rovinju. Kakav im je bio boravak u Vara\u017edinu i koja su iskustva stekli u IV. O\u0160 Vara\u017edin pogledajte u intervjuu koji su vodile na\u0161e u\u010denice <strong>Nora<\/strong> i <strong>Lena D\u017eubur<\/strong>.<\/p>\n<p>&nbsp;<\/p>\n<p><iframe loading=\"lazy\" src=\"https:\/\/player.vimeo.com\/video\/638221250\" width=\"640\" height=\"480\" frameborder=\"0\" allowfullscreen=\"allowfullscreen\"><\/iframe><\/p>\n","protected":false},"excerpt":{"rendered":"<p>U\u010ditelji iz Belgije koji su u sklopu Erasmus projekta boravili u IV. osnovnoj \u0161koli zavr\u0161ili su prvi dio svoje mobilnosti i oti\u0161li vidjeti kako izgleda \u0161kolstvo u drugom dijelu Lijepe na\u0161e &#8211; Rovinju. Kakav im je bio boravak u Vara\u017edinu i koja su iskustva stekli u IV. O\u0160 Vara\u017edin pogledajte u intervjuu koji su vodile [&hellip;]<\/p>\n","protected":false},"author":1,"featured_media":3931,"comment_status":"open","ping_status":"open","sticky":false,"template":"","format":"standard","meta":{"footnotes":""},"categories":[15],"tags":[],"class_list":["post-3926","post","type-post","status-publish","format-standard","has-post-thumbnail","hentry","category-projekti"],"_links":{"self":[{"href":"https:\/\/skolski-puls.com.hr\/index.php?rest_route=\/wp\/v2\/posts\/3926","targetHints":{"allow":["GET"]}}],"collection":[{"href":"https:\/\/skolski-puls.com.hr\/index.php?rest_route=\/wp\/v2\/posts"}],"about":[{"href":"https:\/\/skolski-puls.com.hr\/index.php?rest_route=\/wp\/v2\/types\/post"}],"author":[{"embeddable":true,"href":"https:\/\/skolski-puls.com.hr\/index.php?rest_route=\/wp\/v2\/users\/1"}],"replies":[{"embeddable":true,"href":"https:\/\/skolski-puls.com.hr\/index.php?rest_route=%2Fwp%2Fv2%2Fcomments&post=3926"}],"version-history":[{"count":5,"href":"https:\/\/skolski-puls.com.hr\/index.php?rest_route=\/wp\/v2\/posts\/3926\/revisions"}],"predecessor-version":[{"id":3932,"href":"https:\/\/skolski-puls.com.hr\/index.php?rest_route=\/wp\/v2\/posts\/3926\/revisions\/3932"}],"wp:featuredmedia":[{"embeddable":true,"href":"https:\/\/skolski-puls.com.hr\/index.php?rest_route=\/wp\/v2\/media\/3931"}],"wp:attachment":[{"href":"https:\/\/skolski-puls.com.hr\/index.php?rest_route=%2Fwp%2Fv2%2Fmedia&parent=3926"}],"wp:term":[{"taxonomy":"category","embeddable":true,"href":"https:\/\/skolski-puls.com.hr\/index.php?rest_route=%2Fwp%2Fv2%2Fcategories&post=3926"},{"taxonomy":"post_tag","embeddable":true,"href":"https:\/\/skolski-puls.com.hr\/index.php?rest_route=%2Fwp%2Fv2%2Ftags&post=3926"}],"curies":[{"name":"wp","href":"https:\/\/api.w.org\/{rel}","templated":true}]}}