{"id":4073,"date":"2021-12-09T10:36:45","date_gmt":"2021-12-09T10:36:45","guid":{"rendered":"http:\/\/skolski-puls.com.hr\/?p=4073"},"modified":"2021-12-09T10:37:52","modified_gmt":"2021-12-09T10:37:52","slug":"4073","status":"publish","type":"post","link":"https:\/\/skolski-puls.com.hr\/?p=4073","title":{"rendered":"\u0160kolski medni dan"},"content":{"rendered":"<p data-wahfont=\"18\">U\u010denici 1. -ih razreda IV. O\u0160 Vara\u017edin obilje\u017eili su Medni dan. Najprije su kroz kratki video o p\u010delama i p\u010delarstvu\u00a0 nadopunili svoje dosada\u0161nje iskustvo koje su kroz pro\u010ditanu pri\u010du o P\u010delici Jelici i medi Edi izrazili crtanjem vlastitih osje\u0107aja, misli , zapa\u017eanja te izno\u0161enjem poruka o va\u017enosti p\u010dela za \u017eivi svijet. Uo\u010dili su da su p\u010dele jako vrijedne i brze pa su se i oni oku\u0161ali u brzini no\u0161enja meda u ko\u0161arama. Na kraju su se zasladili medom i potvrdili istinitost svega \u0161to su do sada nau\u010dili.<\/p>\n<p data-wahfont=\"18\">\u0160kolski medni dan s hrvatskih p\u010delinjaka odr\u017ean je prvi puta 7. prosinca 2018. godine i polu\u010dio je veliki interes javnosti te veliko zadovoljstvo svih koji su sudjelovali u Programu, a posebice u\u010denika prvih razreda osnovnih \u0161kola. U tri godine njegova odr\u017eavanja u Programu je sudjelovalo ukupno 853 osnovnih \u0161kola s ukupno 107.587 u\u010denika prvih razreda kojima je dodijeljen med od 597 p\u010delara.<\/p>\n<p data-wahfont=\"18\">Svrha provedbe ovog Programa je podizanje svijesti djece o potrebi konzumacije lokalnih poljoprivrednih proizvoda te ukazivanje na ulogu i zna\u010daj p\u010delarstva u cjelokupnoj poljoprivrednoj proizvodnji, odr\u017eavanju ekolo\u0161ke ravnote\u017ee i biolo\u0161ke raznolikosti. Poznato je da84 % biljnih vrsta i 76 % proizvodnje hrane u Europi ovisi o opra\u0161ivanju koje obavljaju doma\u0107e i divlje p\u010dele.<\/p>\n<p data-wahfont=\"18\">Program se\u00a0 provoditi u prvim razredima\u00a0 osnovnih \u0161kola.\u00a0\u0160kolski medni dan s hrvatskih p\u010delinjaka odr\u017ean je prvi puta 7. prosinca 2018. godine.<\/p>\n<div id='gallery-1' class='gallery galleryid-4073 gallery-columns-3 gallery-size-thumbnail'><figure class='gallery-item'>\n\t\t\t<div class='gallery-icon portrait'>\n\t\t\t\t<a href='https:\/\/skolski-puls.com.hr\/wp-content\/uploads\/2021\/12\/IMG-badbbc4f4860dd433c2cad4248c3edf6-V.jpg'><img loading=\"lazy\" decoding=\"async\" width=\"150\" height=\"150\" src=\"https:\/\/skolski-puls.com.hr\/wp-content\/uploads\/2021\/12\/IMG-badbbc4f4860dd433c2cad4248c3edf6-V-150x150.jpg\" class=\"attachment-thumbnail size-thumbnail\" alt=\"\" \/><\/a>\n\t\t\t<\/div><\/figure><figure class='gallery-item'>\n\t\t\t<div class='gallery-icon portrait'>\n\t\t\t\t<a href='https:\/\/skolski-puls.com.hr\/wp-content\/uploads\/2021\/12\/IMG-b86fe5a0a317e307576cdfbae097ddfe-V.jpg'><img loading=\"lazy\" decoding=\"async\" width=\"150\" height=\"150\" src=\"https:\/\/skolski-puls.com.hr\/wp-content\/uploads\/2021\/12\/IMG-b86fe5a0a317e307576cdfbae097ddfe-V-150x150.jpg\" class=\"attachment-thumbnail size-thumbnail\" alt=\"\" \/><\/a>\n\t\t\t<\/div><\/figure><figure class='gallery-item'>\n\t\t\t<div class='gallery-icon portrait'>\n\t\t\t\t<a href='https:\/\/skolski-puls.com.hr\/wp-content\/uploads\/2021\/12\/IMG-a875270f6efb0123452080ae06af3fe7-V.jpg'><img loading=\"lazy\" decoding=\"async\" width=\"150\" height=\"150\" src=\"https:\/\/skolski-puls.com.hr\/wp-content\/uploads\/2021\/12\/IMG-a875270f6efb0123452080ae06af3fe7-V-150x150.jpg\" class=\"attachment-thumbnail size-thumbnail\" alt=\"\" \/><\/a>\n\t\t\t<\/div><\/figure><figure class='gallery-item'>\n\t\t\t<div class='gallery-icon portrait'>\n\t\t\t\t<a href='https:\/\/skolski-puls.com.hr\/wp-content\/uploads\/2021\/12\/IMG-b8f7e902d37a66782ace5c244a10a7f1-V.jpg'><img loading=\"lazy\" decoding=\"async\" width=\"150\" height=\"150\" src=\"https:\/\/skolski-puls.com.hr\/wp-content\/uploads\/2021\/12\/IMG-b8f7e902d37a66782ace5c244a10a7f1-V-150x150.jpg\" class=\"attachment-thumbnail size-thumbnail\" alt=\"\" \/><\/a>\n\t\t\t<\/div><\/figure><figure class='gallery-item'>\n\t\t\t<div class='gallery-icon landscape'>\n\t\t\t\t<a href='https:\/\/skolski-puls.com.hr\/wp-content\/uploads\/2021\/12\/IMG_20211207_200553-1.jpg'><img loading=\"lazy\" decoding=\"async\" width=\"150\" height=\"150\" src=\"https:\/\/skolski-puls.com.hr\/wp-content\/uploads\/2021\/12\/IMG_20211207_200553-1-150x150.jpg\" class=\"attachment-thumbnail size-thumbnail\" alt=\"\" \/><\/a>\n\t\t\t<\/div><\/figure><figure class='gallery-item'>\n\t\t\t<div class='gallery-icon landscape'>\n\t\t\t\t<a href='https:\/\/skolski-puls.com.hr\/wp-content\/uploads\/2021\/12\/IMG_20211207_200418-1.jpg'><img loading=\"lazy\" decoding=\"async\" width=\"150\" height=\"150\" src=\"https:\/\/skolski-puls.com.hr\/wp-content\/uploads\/2021\/12\/IMG_20211207_200418-1-150x150.jpg\" class=\"attachment-thumbnail size-thumbnail\" alt=\"\" \/><\/a>\n\t\t\t<\/div><\/figure><figure class='gallery-item'>\n\t\t\t<div class='gallery-icon landscape'>\n\t\t\t\t<a href='https:\/\/skolski-puls.com.hr\/wp-content\/uploads\/2021\/12\/IMG_20211207_200327-1.jpg'><img loading=\"lazy\" decoding=\"async\" width=\"150\" height=\"150\" src=\"https:\/\/skolski-puls.com.hr\/wp-content\/uploads\/2021\/12\/IMG_20211207_200327-1-150x150.jpg\" class=\"attachment-thumbnail size-thumbnail\" alt=\"\" \/><\/a>\n\t\t\t<\/div><\/figure><figure class='gallery-item'>\n\t\t\t<div class='gallery-icon landscape'>\n\t\t\t\t<a href='https:\/\/skolski-puls.com.hr\/wp-content\/uploads\/2021\/12\/IMG_20211207_103508-\u2013-kopija-1.jpg'><img loading=\"lazy\" decoding=\"async\" width=\"150\" height=\"150\" src=\"https:\/\/skolski-puls.com.hr\/wp-content\/uploads\/2021\/12\/IMG_20211207_103508-\u2013-kopija-1-150x150.jpg\" class=\"attachment-thumbnail size-thumbnail\" alt=\"\" \/><\/a>\n\t\t\t<\/div><\/figure><figure class='gallery-item'>\n\t\t\t<div class='gallery-icon landscape'>\n\t\t\t\t<a href='https:\/\/skolski-puls.com.hr\/wp-content\/uploads\/2021\/12\/IMG_20211207_103405-1.jpg'><img loading=\"lazy\" decoding=\"async\" width=\"150\" height=\"150\" src=\"https:\/\/skolski-puls.com.hr\/wp-content\/uploads\/2021\/12\/IMG_20211207_103405-1-150x150.jpg\" class=\"attachment-thumbnail size-thumbnail\" alt=\"\" \/><\/a>\n\t\t\t<\/div><\/figure><figure class='gallery-item'>\n\t\t\t<div class='gallery-icon landscape'>\n\t\t\t\t<a href='https:\/\/skolski-puls.com.hr\/wp-content\/uploads\/2021\/12\/IMG_20211207_094006-1.jpg'><img loading=\"lazy\" decoding=\"async\" width=\"150\" height=\"150\" src=\"https:\/\/skolski-puls.com.hr\/wp-content\/uploads\/2021\/12\/IMG_20211207_094006-1-150x150.jpg\" class=\"attachment-thumbnail size-thumbnail\" alt=\"\" \/><\/a>\n\t\t\t<\/div><\/figure>\n\t\t<\/div>\n\n<p data-wahfont=\"18\">\n","protected":false},"excerpt":{"rendered":"<p>U\u010denici 1. -ih razreda IV. O\u0160 Vara\u017edin obilje\u017eili su Medni dan. Najprije su kroz kratki video o p\u010delama i p\u010delarstvu\u00a0 nadopunili svoje dosada\u0161nje iskustvo koje su kroz pro\u010ditanu pri\u010du o P\u010delici Jelici i medi Edi izrazili crtanjem vlastitih osje\u0107aja, misli , zapa\u017eanja te izno\u0161enjem poruka o va\u017enosti p\u010dela za \u017eivi svijet. Uo\u010dili su da su [&hellip;]<\/p>\n","protected":false},"author":2,"featured_media":4075,"comment_status":"open","ping_status":"open","sticky":false,"template":"","format":"standard","meta":{"footnotes":""},"categories":[15],"tags":[],"class_list":["post-4073","post","type-post","status-publish","format-standard","has-post-thumbnail","hentry","category-projekti"],"_links":{"self":[{"href":"https:\/\/skolski-puls.com.hr\/index.php?rest_route=\/wp\/v2\/posts\/4073","targetHints":{"allow":["GET"]}}],"collection":[{"href":"https:\/\/skolski-puls.com.hr\/index.php?rest_route=\/wp\/v2\/posts"}],"about":[{"href":"https:\/\/skolski-puls.com.hr\/index.php?rest_route=\/wp\/v2\/types\/post"}],"author":[{"embeddable":true,"href":"https:\/\/skolski-puls.com.hr\/index.php?rest_route=\/wp\/v2\/users\/2"}],"replies":[{"embeddable":true,"href":"https:\/\/skolski-puls.com.hr\/index.php?rest_route=%2Fwp%2Fv2%2Fcomments&post=4073"}],"version-history":[{"count":2,"href":"https:\/\/skolski-puls.com.hr\/index.php?rest_route=\/wp\/v2\/posts\/4073\/revisions"}],"predecessor-version":[{"id":4085,"href":"https:\/\/skolski-puls.com.hr\/index.php?rest_route=\/wp\/v2\/posts\/4073\/revisions\/4085"}],"wp:featuredmedia":[{"embeddable":true,"href":"https:\/\/skolski-puls.com.hr\/index.php?rest_route=\/wp\/v2\/media\/4075"}],"wp:attachment":[{"href":"https:\/\/skolski-puls.com.hr\/index.php?rest_route=%2Fwp%2Fv2%2Fmedia&parent=4073"}],"wp:term":[{"taxonomy":"category","embeddable":true,"href":"https:\/\/skolski-puls.com.hr\/index.php?rest_route=%2Fwp%2Fv2%2Fcategories&post=4073"},{"taxonomy":"post_tag","embeddable":true,"href":"https:\/\/skolski-puls.com.hr\/index.php?rest_route=%2Fwp%2Fv2%2Ftags&post=4073"}],"curies":[{"name":"wp","href":"https:\/\/api.w.org\/{rel}","templated":true}]}}