{"id":4295,"date":"2022-04-01T09:58:40","date_gmt":"2022-04-01T09:58:40","guid":{"rendered":"http:\/\/skolski-puls.com.hr\/?p=4295"},"modified":"2022-04-06T06:24:51","modified_gmt":"2022-04-06T06:24:51","slug":"ampir-interdisciplinarna-nastava","status":"publish","type":"post","link":"https:\/\/skolski-puls.com.hr\/?p=4295","title":{"rendered":"Ampir &#8211; interdisciplinarna nastava"},"content":{"rendered":"<p>Ampir je je stil kasnoga klasicizma u Francuskoj nastao u vrijeme Napoleona koji je, unato\u010d \u010dinjenici da je trajao desetak godina, ostavio dubok i prepoznatljiv trag u brojnim sferama umjetnosti.<\/p>\n<p>Profesorice Antonija Benjak, Dorotea Il\u010di\u0107 i Terezija Mlinari\u0107 to su razdoblje odabrale kao temu zajedni\u010dkog projekta u kojem su povezale povijest, likovnu umjetnost te solo pjevanje. Zanimljiva je i \u010dinjenica da profesorice Benjak, Il\u010di\u0107 i Mlinari\u0107; osim interesa za povijest, likovnu umjetnost i glazbu; povezuje i krvno srodstvo, one su ujedno i sestre kojima ovo sigurno nije posljednji zajedni\u010dki projekt. U projektu su uz u\u010diteljicu Benjak sudjelovale i u\u010denice IV. O\u0160 Vara\u017edin.<\/p>\n<p>Vi\u0161e o samom projektu mo\u017eete pogledati u prilogu \u0160kolske televizije.<\/p>\n<p><iframe loading=\"lazy\" title=\"Interdisciplinarna nastava u Gradskom muzeju Vara\u017edin\" width=\"640\" height=\"360\" src=\"https:\/\/www.youtube.com\/embed\/jZZb_S1hQ2Q?feature=oembed\" frameborder=\"0\" allow=\"accelerometer; autoplay; clipboard-write; encrypted-media; gyroscope; picture-in-picture; web-share\" referrerpolicy=\"strict-origin-when-cross-origin\" allowfullscreen><\/iframe><\/p>\n<p>&nbsp;<\/p>\n<p>&nbsp;<\/p>\n","protected":false},"excerpt":{"rendered":"<p>Ampir je je stil kasnoga klasicizma u Francuskoj nastao u vrijeme Napoleona koji je, unato\u010d \u010dinjenici da je trajao desetak godina, ostavio dubok i prepoznatljiv trag u brojnim sferama umjetnosti. Profesorice Antonija Benjak, Dorotea Il\u010di\u0107 i Terezija Mlinari\u0107 to su razdoblje odabrale kao temu zajedni\u010dkog projekta u kojem su povezale povijest, likovnu umjetnost te solo [&hellip;]<\/p>\n","protected":false},"author":2,"featured_media":4296,"comment_status":"open","ping_status":"open","sticky":false,"template":"","format":"standard","meta":{"footnotes":""},"categories":[15],"tags":[],"class_list":["post-4295","post","type-post","status-publish","format-standard","has-post-thumbnail","hentry","category-projekti"],"_links":{"self":[{"href":"https:\/\/skolski-puls.com.hr\/index.php?rest_route=\/wp\/v2\/posts\/4295","targetHints":{"allow":["GET"]}}],"collection":[{"href":"https:\/\/skolski-puls.com.hr\/index.php?rest_route=\/wp\/v2\/posts"}],"about":[{"href":"https:\/\/skolski-puls.com.hr\/index.php?rest_route=\/wp\/v2\/types\/post"}],"author":[{"embeddable":true,"href":"https:\/\/skolski-puls.com.hr\/index.php?rest_route=\/wp\/v2\/users\/2"}],"replies":[{"embeddable":true,"href":"https:\/\/skolski-puls.com.hr\/index.php?rest_route=%2Fwp%2Fv2%2Fcomments&post=4295"}],"version-history":[{"count":2,"href":"https:\/\/skolski-puls.com.hr\/index.php?rest_route=\/wp\/v2\/posts\/4295\/revisions"}],"predecessor-version":[{"id":4312,"href":"https:\/\/skolski-puls.com.hr\/index.php?rest_route=\/wp\/v2\/posts\/4295\/revisions\/4312"}],"wp:featuredmedia":[{"embeddable":true,"href":"https:\/\/skolski-puls.com.hr\/index.php?rest_route=\/wp\/v2\/media\/4296"}],"wp:attachment":[{"href":"https:\/\/skolski-puls.com.hr\/index.php?rest_route=%2Fwp%2Fv2%2Fmedia&parent=4295"}],"wp:term":[{"taxonomy":"category","embeddable":true,"href":"https:\/\/skolski-puls.com.hr\/index.php?rest_route=%2Fwp%2Fv2%2Fcategories&post=4295"},{"taxonomy":"post_tag","embeddable":true,"href":"https:\/\/skolski-puls.com.hr\/index.php?rest_route=%2Fwp%2Fv2%2Ftags&post=4295"}],"curies":[{"name":"wp","href":"https:\/\/api.w.org\/{rel}","templated":true}]}}