{"id":4873,"date":"2022-07-29T15:34:50","date_gmt":"2022-07-29T15:34:50","guid":{"rendered":"https:\/\/skolski-puls.com.hr\/?p=4873"},"modified":"2022-08-06T18:36:15","modified_gmt":"2022-08-06T18:36:15","slug":"cast-pucanja-iz-topa-pripala-uciteljici-foder","status":"publish","type":"post","link":"https:\/\/skolski-puls.com.hr\/?p=4873","title":{"rendered":"\u010cast pucanja iz topa pripala u\u010diteljici Foder"},"content":{"rendered":"<p>Subotom, od polovice travnja do polovice rujna, u Vara\u017edinu se puca iz topa.<\/p>\n<p>Top je umanjena replika vara\u017edinskog topa koji je lijevan u ovom kraju i koji je trebao slu\u017eiti u borbi protiv Ma\u0111ara kad je ban Jela\u010di\u0107 pre\u0161ao Dravu 11. rujan 1848. godine. Prema rije\u010dima zapovjednika Vara\u017edinske gradske garde <strong>Dra\u017eena<\/strong> <strong>Lopari\u0107a<\/strong> top u toj bitci nije opalio pa se to sad nadokna\u0111uje.<\/p>\n<p>Prilika da pucaju iz topa daje se Vara\u017edinkama i Vara\u017edincima koji su na neki na\u010din zaslu\u017eni za boljitak grada Vara\u017edina.<\/p>\n<p>Ove subote, 30. srpnja 2022., iz topa \u0107e pucati u\u010diteljica IV. O\u0160 Vara\u017edin\u00a0<strong>Gordana Foder.<\/strong><\/p>\n<p><em>U\u010diteljica Gordana Foder sjajno poznaje ljekovito bilje i sve zakone prirode. Naravno da svoje znanje i iskustvo prenosi na u\u010denike. U\u017eiva u brizi o biljkama, pisanju, a najvi\u0161e u radu sa u\u010denicima. U IV osnovnoj \u0161koli omiljena je u\u010diteljica, u njezinom \u0161arenom razredu sjedi se na pilates loptama, a informatika se u\u010di od prvog dana. Biti u\u010diteljica &#8211; to nije posao! To je hrabrost i odgovornost- kad uzme\u0161 dje\u010dji \u017eivot u ruke i oblikuje\u0161 ga, to je ljubav &#8211; bez tog najva\u017enijeg \u201cza\u010dina\u201d nema finog kola\u010da, to je predanost &#8211; biti u\u010diteljica, to se ne radi &#8211; to se \u017eivi. Gordana je i sjajna kolumnistica Vara\u017edinskog.hr i vrlo rado pro\u010ditamo njene \u201cizlete\u201d u pro\u0161lost. U tim napisima \u010desto nam se \u201cpreklope putevi\u201d pa \u010ditamo i o Vara\u017edinskoj gra\u0111anskoj gardi. Gordana sve stigne, vjerojatno se dr\u017ee\u0107i one Einstinove o vremenu, kao relativnom pojmu. <\/em><br \/>\n<em>\u017delimo joj jo\u0161 puno generacija mladih ljudi u njenoj u\u010dionici, puno objava u kojima i nas u\u010di povijesti i ljubavi prema na\u0161em Vara\u017edinu, \u017eelimo joj zdravlja i da i dalje sve nas di\u017ee svojom toplinom i vedrinom.\u00a0<\/em>Tim rije\u010dima na\u0161u je u\u010diteljicu predstavio i najavio zapovjednik Garde <strong>Dra\u017een Lopari\u0107.<\/strong><br \/>\nIV. O\u0160 Vara\u017edin ponosna je na svoju u\u010diteljicu, zaslu\u017enu Vara\u017edinku, <strong>Gordanu\u00a0Foder <\/strong>te s nestrpljenjem \u010dekamo \u010duti pucanj iz topa sutra u podne.<\/p>\n<p><img loading=\"lazy\" decoding=\"async\" class=\"alignnone size-full wp-image-4875\" src=\"https:\/\/skolski-puls.com.hr\/wp-content\/uploads\/2022\/07\/top-202_5ef37eb9a8aa2_860x484c.jpg\" alt=\"\" width=\"859\" height=\"484\" srcset=\"https:\/\/skolski-puls.com.hr\/wp-content\/uploads\/2022\/07\/top-202_5ef37eb9a8aa2_860x484c.jpg 859w, https:\/\/skolski-puls.com.hr\/wp-content\/uploads\/2022\/07\/top-202_5ef37eb9a8aa2_860x484c-768x433.jpg 768w, https:\/\/skolski-puls.com.hr\/wp-content\/uploads\/2022\/07\/top-202_5ef37eb9a8aa2_860x484c-640x361.jpg 640w\" sizes=\"auto, (max-width: 859px) 100vw, 859px\" \/><\/p>\n<p><strong>Subota, 6. srpnja 2022. godine<\/strong><\/p>\n<p>Zbog lo\u0161eg vremena do\u0161lo je do odgode\u00a0 pro\u0161le subote te je pucati iz topa <strong>Gordana<\/strong> <strong>Foder<\/strong> uspjela tek ove subote. \u010cestitamo jo\u0161 jednom!<\/p>\n<p><img loading=\"lazy\" decoding=\"async\" class=\"alignnone size-full wp-image-4885\" src=\"https:\/\/skolski-puls.com.hr\/wp-content\/uploads\/2022\/07\/received_748391479763832-1.jpeg\" alt=\"\" width=\"1024\" height=\"826\" srcset=\"https:\/\/skolski-puls.com.hr\/wp-content\/uploads\/2022\/07\/received_748391479763832-1.jpeg 1024w, https:\/\/skolski-puls.com.hr\/wp-content\/uploads\/2022\/07\/received_748391479763832-1-768x620.jpeg 768w, https:\/\/skolski-puls.com.hr\/wp-content\/uploads\/2022\/07\/received_748391479763832-1-640x516.jpeg 640w\" sizes=\"auto, (max-width: 1024px) 100vw, 1024px\" \/><\/p>\n","protected":false},"excerpt":{"rendered":"<p>Subotom, od polovice travnja do polovice rujna, u Vara\u017edinu se puca iz topa. Top je umanjena replika vara\u017edinskog topa koji je lijevan u ovom kraju i koji je trebao slu\u017eiti u borbi protiv Ma\u0111ara kad je ban Jela\u010di\u0107 pre\u0161ao Dravu 11. rujan 1848. godine. Prema rije\u010dima zapovjednika Vara\u017edinske gradske garde Dra\u017eena Lopari\u0107a top u toj [&hellip;]<\/p>\n","protected":false},"author":2,"featured_media":4881,"comment_status":"open","ping_status":"open","sticky":false,"template":"","format":"standard","meta":{"footnotes":""},"categories":[14],"tags":[],"class_list":["post-4873","post","type-post","status-publish","format-standard","has-post-thumbnail","hentry","category-iz-skolskog-hodnika"],"_links":{"self":[{"href":"https:\/\/skolski-puls.com.hr\/index.php?rest_route=\/wp\/v2\/posts\/4873","targetHints":{"allow":["GET"]}}],"collection":[{"href":"https:\/\/skolski-puls.com.hr\/index.php?rest_route=\/wp\/v2\/posts"}],"about":[{"href":"https:\/\/skolski-puls.com.hr\/index.php?rest_route=\/wp\/v2\/types\/post"}],"author":[{"embeddable":true,"href":"https:\/\/skolski-puls.com.hr\/index.php?rest_route=\/wp\/v2\/users\/2"}],"replies":[{"embeddable":true,"href":"https:\/\/skolski-puls.com.hr\/index.php?rest_route=%2Fwp%2Fv2%2Fcomments&post=4873"}],"version-history":[{"count":8,"href":"https:\/\/skolski-puls.com.hr\/index.php?rest_route=\/wp\/v2\/posts\/4873\/revisions"}],"predecessor-version":[{"id":4887,"href":"https:\/\/skolski-puls.com.hr\/index.php?rest_route=\/wp\/v2\/posts\/4873\/revisions\/4887"}],"wp:featuredmedia":[{"embeddable":true,"href":"https:\/\/skolski-puls.com.hr\/index.php?rest_route=\/wp\/v2\/media\/4881"}],"wp:attachment":[{"href":"https:\/\/skolski-puls.com.hr\/index.php?rest_route=%2Fwp%2Fv2%2Fmedia&parent=4873"}],"wp:term":[{"taxonomy":"category","embeddable":true,"href":"https:\/\/skolski-puls.com.hr\/index.php?rest_route=%2Fwp%2Fv2%2Fcategories&post=4873"},{"taxonomy":"post_tag","embeddable":true,"href":"https:\/\/skolski-puls.com.hr\/index.php?rest_route=%2Fwp%2Fv2%2Ftags&post=4873"}],"curies":[{"name":"wp","href":"https:\/\/api.w.org\/{rel}","templated":true}]}}