{"id":5720,"date":"2023-02-06T10:30:16","date_gmt":"2023-02-06T10:30:16","guid":{"rendered":"https:\/\/skolski-puls.com.hr\/?p=5720"},"modified":"2023-02-06T10:30:26","modified_gmt":"2023-02-06T10:30:26","slug":"kuhajmo-u-skoli","status":"publish","type":"post","link":"https:\/\/skolski-puls.com.hr\/?p=5720","title":{"rendered":"Kuhajmo u \u0161koli!"},"content":{"rendered":"<p>Grad Vara\u017edin objavio je u prolje\u0107e 2022. Javni poziv za prijavu prijedloga za dje\u010dji participativni prora\u010dun. U okviru ovog Javnog poziva, za dje\u010dji participativni prora\u010dun raspodjeljuju se sredstva u ukupnom iznosu od 50.000 kuna. Najmanji iznos tra\u017eenih sredstava za financiranje projekta nije odre\u0111en, dok najve\u0107i iznos tra\u017eenih sredstava iznosi 10.000 kn. IV. O\u0160 dobila je 9000 kn za projekt<strong> \u201eKuhajmo u \u0161koli\u201c<\/strong><br \/>\nSve je po\u010delo na sjednici Vije\u0107a u\u010denika i Dje\u010djeg foruma IV. osnovne \u0161kole Vara\u017edin 8.4.2022.\u00a0 kada su djeca izabrala satove kuhanja u \u0161koli kao najbolji oblik suradni\u010dkog u\u010denja i stjecanja zdravih \u017eivotnih navika. U\u010denici \u017eele imali satove kuhanja koje \u0107e uklopili u Sat razrednika. Predlo\u017eili su da se napravi \u00bbmobilna kuhinja\u00ab koja \u0107e se mo\u0107i jednostavno seliti iz u\u010dionice u u\u010dionicu.<br \/>\nAktivnosti \u0107e planirati u\u010denici u dogovoru s razrednicima i kuharicom. Povremeno \u0107e koristili i blagovaonicu \u0161kole gdje \u0107e uz pomo\u0107 kuharica pripremati jednostavnija jela u sklopu redovne nastave i izvannastavnih aktivnosti.<br \/>\nNakon pripremljenih jela organizirat \u0107e se i\u00a0 degustacije, a na kraju godine mogu\u0107e je odr\u017eati i natjecanje u\u010denika.\u00a0U\u010denici \u0107e razvijati naviku odr\u017eavanja higijenskih standarda prije, za vrijeme i nakon pripreme jela, razvijati \u0107e kulturu po\u0161tivanja hrane, usvajati znanja o nutritivnim vrijednostima namirnica i stjecati vje\u0161tine samostalnosti u pripremanju obroka.<\/p>\n<p>U\u010diteljice <strong>Benjak<\/strong> i <strong>Hrn\u010di\u0107, <\/strong>voditeljice projekta<strong>, <\/strong>za navedeni iznos od 9000 kn kupile su kuhinjske aparate (hladnjak, kuhalo za vodu, plo\u010du za kuhanje, miksere, sokovnik, mikrovalnu, fritezu&#8230;) te pribor za kuhanje (tave, zdjele, pribor&#8230;). Sve je smje\u0161teno u prostorima \u0160kole te u\u010ditelji s djecom dogovaraju \u0161to \u0107e raditi i koji im aparati i pribor trebaju te ih po potrebi zadu\u017euju u svoje u\u010dionice. Predstavnici Vije\u0107a u\u010denika upoznali su se s kupljenim 30. sije\u010dnja na svojoj sjednici te su kolegama iz razreda prenijeli \u0161to sve imaju na raspolaganju te \u0107e predlo\u017eiti\u00a0 razrednicima kulinarske aktivnosti koje \u017eele sprovesti na Satu razrednika.<\/p>\n<div id='gallery-1' class='gallery galleryid-5720 gallery-columns-3 gallery-size-thumbnail'><figure class='gallery-item'>\n\t\t\t<div class='gallery-icon landscape'>\n\t\t\t\t<a href='https:\/\/skolski-puls.com.hr\/wp-content\/uploads\/2023\/02\/viber_slika_2023-02-06_10-58-36-248.jpg'><img loading=\"lazy\" decoding=\"async\" width=\"150\" height=\"150\" src=\"https:\/\/skolski-puls.com.hr\/wp-content\/uploads\/2023\/02\/viber_slika_2023-02-06_10-58-36-248-150x150.jpg\" class=\"attachment-thumbnail size-thumbnail\" alt=\"\" \/><\/a>\n\t\t\t<\/div><\/figure><figure class='gallery-item'>\n\t\t\t<div class='gallery-icon landscape'>\n\t\t\t\t<a href='https:\/\/skolski-puls.com.hr\/wp-content\/uploads\/2023\/02\/viber_slika_2023-02-06_10-58-36-281.jpg'><img loading=\"lazy\" decoding=\"async\" width=\"150\" height=\"150\" src=\"https:\/\/skolski-puls.com.hr\/wp-content\/uploads\/2023\/02\/viber_slika_2023-02-06_10-58-36-281-150x150.jpg\" class=\"attachment-thumbnail size-thumbnail\" alt=\"\" \/><\/a>\n\t\t\t<\/div><\/figure><figure class='gallery-item'>\n\t\t\t<div class='gallery-icon landscape'>\n\t\t\t\t<a href='https:\/\/skolski-puls.com.hr\/wp-content\/uploads\/2023\/02\/viber_slika_2023-02-06_10-58-35-960.jpg'><img loading=\"lazy\" decoding=\"async\" width=\"150\" height=\"150\" src=\"https:\/\/skolski-puls.com.hr\/wp-content\/uploads\/2023\/02\/viber_slika_2023-02-06_10-58-35-960-150x150.jpg\" class=\"attachment-thumbnail size-thumbnail\" alt=\"\" \/><\/a>\n\t\t\t<\/div><\/figure><figure class='gallery-item'>\n\t\t\t<div class='gallery-icon landscape'>\n\t\t\t\t<a href='https:\/\/skolski-puls.com.hr\/wp-content\/uploads\/2023\/02\/viber_slika_2023-02-06_10-58-36-026.jpg'><img loading=\"lazy\" decoding=\"async\" width=\"150\" height=\"150\" src=\"https:\/\/skolski-puls.com.hr\/wp-content\/uploads\/2023\/02\/viber_slika_2023-02-06_10-58-36-026-150x150.jpg\" class=\"attachment-thumbnail size-thumbnail\" alt=\"\" \/><\/a>\n\t\t\t<\/div><\/figure>\n\t\t<\/div>\n\n<p>U \u010cetvrtoj se ve\u0107 po\u010delo kuhati s nabavljenim priborom te su u\u010denici <strong>6.b<\/strong> s razrednicom <strong>Andrejom Kranj\u010di\u0107<\/strong> u petak, 3. velja\u010de, na Satu razrednika pekli pala\u010dinke i vafle te se po\u010dastili za kraj napornog tjedna.<\/p>\n<p>Vjerujemo da \u0107e nabavljeni aparati i pribor biti od velike koristi u\u010denicima u stjecanju osnovnih \u017eivotnih vje\u0161tina.<\/p>\n<div id='gallery-2' class='gallery galleryid-5720 gallery-columns-3 gallery-size-thumbnail'><figure class='gallery-item'>\n\t\t\t<div class='gallery-icon landscape'>\n\t\t\t\t<a href='https:\/\/skolski-puls.com.hr\/wp-content\/uploads\/2023\/02\/viber_slika_2023-02-03_12-27-01-595.jpg'><img loading=\"lazy\" decoding=\"async\" width=\"150\" height=\"150\" src=\"https:\/\/skolski-puls.com.hr\/wp-content\/uploads\/2023\/02\/viber_slika_2023-02-03_12-27-01-595-150x150.jpg\" class=\"attachment-thumbnail size-thumbnail\" alt=\"\" \/><\/a>\n\t\t\t<\/div><\/figure><figure class='gallery-item'>\n\t\t\t<div class='gallery-icon landscape'>\n\t\t\t\t<a href='https:\/\/skolski-puls.com.hr\/wp-content\/uploads\/2023\/02\/viber_slika_2023-02-03_12-27-01-671.jpg'><img loading=\"lazy\" decoding=\"async\" width=\"150\" height=\"150\" src=\"https:\/\/skolski-puls.com.hr\/wp-content\/uploads\/2023\/02\/viber_slika_2023-02-03_12-27-01-671-150x150.jpg\" class=\"attachment-thumbnail size-thumbnail\" alt=\"\" \/><\/a>\n\t\t\t<\/div><\/figure><figure class='gallery-item'>\n\t\t\t<div class='gallery-icon landscape'>\n\t\t\t\t<a href='https:\/\/skolski-puls.com.hr\/wp-content\/uploads\/2023\/02\/viber_slika_2023-02-03_12-27-01-729.jpg'><img loading=\"lazy\" decoding=\"async\" width=\"150\" height=\"150\" src=\"https:\/\/skolski-puls.com.hr\/wp-content\/uploads\/2023\/02\/viber_slika_2023-02-03_12-27-01-729-150x150.jpg\" class=\"attachment-thumbnail size-thumbnail\" alt=\"\" \/><\/a>\n\t\t\t<\/div><\/figure><figure class='gallery-item'>\n\t\t\t<div class='gallery-icon portrait'>\n\t\t\t\t<a href='https:\/\/skolski-puls.com.hr\/wp-content\/uploads\/2023\/02\/viber_slika_2023-02-03_12-27-01-789.jpg'><img loading=\"lazy\" decoding=\"async\" width=\"150\" height=\"150\" src=\"https:\/\/skolski-puls.com.hr\/wp-content\/uploads\/2023\/02\/viber_slika_2023-02-03_12-27-01-789-150x150.jpg\" class=\"attachment-thumbnail size-thumbnail\" alt=\"\" \/><\/a>\n\t\t\t<\/div><\/figure><figure class='gallery-item'>\n\t\t\t<div class='gallery-icon landscape'>\n\t\t\t\t<a href='https:\/\/skolski-puls.com.hr\/wp-content\/uploads\/2023\/02\/viber_slika_2023-02-03_12-27-01-837.jpg'><img loading=\"lazy\" decoding=\"async\" width=\"150\" height=\"150\" src=\"https:\/\/skolski-puls.com.hr\/wp-content\/uploads\/2023\/02\/viber_slika_2023-02-03_12-27-01-837-150x150.jpg\" class=\"attachment-thumbnail size-thumbnail\" alt=\"\" \/><\/a>\n\t\t\t<\/div><\/figure><figure class='gallery-item'>\n\t\t\t<div class='gallery-icon landscape'>\n\t\t\t\t<a href='https:\/\/skolski-puls.com.hr\/wp-content\/uploads\/2023\/02\/viber_slika_2023-02-03_12-27-02-038.jpg'><img loading=\"lazy\" decoding=\"async\" width=\"150\" height=\"150\" src=\"https:\/\/skolski-puls.com.hr\/wp-content\/uploads\/2023\/02\/viber_slika_2023-02-03_12-27-02-038-150x150.jpg\" class=\"attachment-thumbnail size-thumbnail\" alt=\"\" \/><\/a>\n\t\t\t<\/div><\/figure>\n\t\t<\/div>\n\n","protected":false},"excerpt":{"rendered":"<p>Grad Vara\u017edin objavio je u prolje\u0107e 2022. Javni poziv za prijavu prijedloga za dje\u010dji participativni prora\u010dun. U okviru ovog Javnog poziva, za dje\u010dji participativni prora\u010dun raspodjeljuju se sredstva u ukupnom iznosu od 50.000 kuna. Najmanji iznos tra\u017eenih sredstava za financiranje projekta nije odre\u0111en, dok najve\u0107i iznos tra\u017eenih sredstava iznosi 10.000 kn. IV. O\u0160 dobila je [&hellip;]<\/p>\n","protected":false},"author":2,"featured_media":5724,"comment_status":"open","ping_status":"open","sticky":false,"template":"","format":"standard","meta":{"footnotes":""},"categories":[14],"tags":[],"class_list":["post-5720","post","type-post","status-publish","format-standard","has-post-thumbnail","hentry","category-iz-skolskog-hodnika"],"_links":{"self":[{"href":"https:\/\/skolski-puls.com.hr\/index.php?rest_route=\/wp\/v2\/posts\/5720","targetHints":{"allow":["GET"]}}],"collection":[{"href":"https:\/\/skolski-puls.com.hr\/index.php?rest_route=\/wp\/v2\/posts"}],"about":[{"href":"https:\/\/skolski-puls.com.hr\/index.php?rest_route=\/wp\/v2\/types\/post"}],"author":[{"embeddable":true,"href":"https:\/\/skolski-puls.com.hr\/index.php?rest_route=\/wp\/v2\/users\/2"}],"replies":[{"embeddable":true,"href":"https:\/\/skolski-puls.com.hr\/index.php?rest_route=%2Fwp%2Fv2%2Fcomments&post=5720"}],"version-history":[{"count":1,"href":"https:\/\/skolski-puls.com.hr\/index.php?rest_route=\/wp\/v2\/posts\/5720\/revisions"}],"predecessor-version":[{"id":5740,"href":"https:\/\/skolski-puls.com.hr\/index.php?rest_route=\/wp\/v2\/posts\/5720\/revisions\/5740"}],"wp:featuredmedia":[{"embeddable":true,"href":"https:\/\/skolski-puls.com.hr\/index.php?rest_route=\/wp\/v2\/media\/5724"}],"wp:attachment":[{"href":"https:\/\/skolski-puls.com.hr\/index.php?rest_route=%2Fwp%2Fv2%2Fmedia&parent=5720"}],"wp:term":[{"taxonomy":"category","embeddable":true,"href":"https:\/\/skolski-puls.com.hr\/index.php?rest_route=%2Fwp%2Fv2%2Fcategories&post=5720"},{"taxonomy":"post_tag","embeddable":true,"href":"https:\/\/skolski-puls.com.hr\/index.php?rest_route=%2Fwp%2Fv2%2Ftags&post=5720"}],"curies":[{"name":"wp","href":"https:\/\/api.w.org\/{rel}","templated":true}]}}