{"id":5863,"date":"2023-03-30T07:38:38","date_gmt":"2023-03-30T07:38:38","guid":{"rendered":"https:\/\/skolski-puls.com.hr\/?p=5863"},"modified":"2023-03-31T11:17:59","modified_gmt":"2023-03-31T11:17:59","slug":"djevojcice-u-stem-u","status":"publish","type":"post","link":"https:\/\/skolski-puls.com.hr\/?p=5863","title":{"rendered":"Djevoj\u010dice u STEM-u"},"content":{"rendered":"<p>U srijedu, 8.o\u017eujka.2023.,\u00a0 u IV. O\u0160 Vara\u017edin odr\u017eano je natjecanje u znanju &#8220;Djevoj\u010dice u STEM-u&#8221;- ekipno natjecanje u\u010denica sedmih i osmih razreda svih podru\u010dnih i mati\u010dnih osnovnih \u0161kola u Republici Hrvatskoj.<\/p>\n<p>Natjecanje se provodilo u \u0161koli putem online obrasca. Mentori na\u0161e \u0161kole su <strong>Damir Vrbanec, Branka Geto\u0161 i Marjana Bor\u0161\u0107ak-Sudec.<\/strong><\/p>\n<p>U natjecanju su sudjelovale <strong>Ana Bistrovi\u0107, Elena Weiser, Lana Adla\u0161i\u0107, Mia<\/strong><br \/>\n<strong>Kozjak, Elena Ko\u0161i\u0107, Isabell Cenkov\u010dan, Lara Bartoli\u0107, Paula Bosilj, Lorena Delija, Jana Erent, Sara Margeti\u0107 i Aiym Targynova.<\/strong><\/p>\n<p>Djevoj\u010dice je ravnateljica <strong>Jasmina Posavec<\/strong> pozvala na \u010daj\u00a0 i podjelu priznanja.<\/p>\n<p><img loading=\"lazy\" decoding=\"async\" class=\"alignnone size-full wp-image-5864\" src=\"https:\/\/skolski-puls.com.hr\/wp-content\/uploads\/2023\/03\/viber_slika_2023-03-30_09-14-08-701.jpg\" alt=\"\" width=\"1200\" height=\"568\" srcset=\"https:\/\/skolski-puls.com.hr\/wp-content\/uploads\/2023\/03\/viber_slika_2023-03-30_09-14-08-701.jpg 1200w, https:\/\/skolski-puls.com.hr\/wp-content\/uploads\/2023\/03\/viber_slika_2023-03-30_09-14-08-701-1024x485.jpg 1024w, https:\/\/skolski-puls.com.hr\/wp-content\/uploads\/2023\/03\/viber_slika_2023-03-30_09-14-08-701-768x364.jpg 768w, https:\/\/skolski-puls.com.hr\/wp-content\/uploads\/2023\/03\/viber_slika_2023-03-30_09-14-08-701-640x303.jpg 640w\" sizes=\"auto, (max-width: 1200px) 100vw, 1200px\" \/> <img loading=\"lazy\" decoding=\"async\" class=\"alignnone size-medium wp-image-5865\" src=\"https:\/\/skolski-puls.com.hr\/wp-content\/uploads\/2023\/03\/viber_slika_2023-03-30_09-14-08-461.jpg\" alt=\"\" width=\"1200\" height=\"568\" srcset=\"https:\/\/skolski-puls.com.hr\/wp-content\/uploads\/2023\/03\/viber_slika_2023-03-30_09-14-08-461.jpg 1200w, https:\/\/skolski-puls.com.hr\/wp-content\/uploads\/2023\/03\/viber_slika_2023-03-30_09-14-08-461-1024x485.jpg 1024w, https:\/\/skolski-puls.com.hr\/wp-content\/uploads\/2023\/03\/viber_slika_2023-03-30_09-14-08-461-768x364.jpg 768w, https:\/\/skolski-puls.com.hr\/wp-content\/uploads\/2023\/03\/viber_slika_2023-03-30_09-14-08-461-640x303.jpg 640w\" sizes=\"auto, (max-width: 1200px) 100vw, 1200px\" \/><img loading=\"lazy\" decoding=\"async\" class=\"alignnone size-full wp-image-5866\" src=\"https:\/\/skolski-puls.com.hr\/wp-content\/uploads\/2023\/03\/large_img_18221.png\" alt=\"\" width=\"370\" height=\"524\" \/><\/p>\n","protected":false},"excerpt":{"rendered":"<p>U srijedu, 8.o\u017eujka.2023.,\u00a0 u IV. O\u0160 Vara\u017edin odr\u017eano je natjecanje u znanju &#8220;Djevoj\u010dice u STEM-u&#8221;- ekipno natjecanje u\u010denica sedmih i osmih razreda svih podru\u010dnih i mati\u010dnih osnovnih \u0161kola u Republici Hrvatskoj. Natjecanje se provodilo u \u0161koli putem online obrasca. Mentori na\u0161e \u0161kole su Damir Vrbanec, Branka Geto\u0161 i Marjana Bor\u0161\u0107ak-Sudec. U natjecanju su sudjelovale Ana [&hellip;]<\/p>\n","protected":false},"author":2,"featured_media":5865,"comment_status":"open","ping_status":"open","sticky":false,"template":"","format":"standard","meta":{"footnotes":""},"categories":[15],"tags":[],"class_list":["post-5863","post","type-post","status-publish","format-standard","has-post-thumbnail","hentry","category-projekti"],"_links":{"self":[{"href":"https:\/\/skolski-puls.com.hr\/index.php?rest_route=\/wp\/v2\/posts\/5863","targetHints":{"allow":["GET"]}}],"collection":[{"href":"https:\/\/skolski-puls.com.hr\/index.php?rest_route=\/wp\/v2\/posts"}],"about":[{"href":"https:\/\/skolski-puls.com.hr\/index.php?rest_route=\/wp\/v2\/types\/post"}],"author":[{"embeddable":true,"href":"https:\/\/skolski-puls.com.hr\/index.php?rest_route=\/wp\/v2\/users\/2"}],"replies":[{"embeddable":true,"href":"https:\/\/skolski-puls.com.hr\/index.php?rest_route=%2Fwp%2Fv2%2Fcomments&post=5863"}],"version-history":[{"count":5,"href":"https:\/\/skolski-puls.com.hr\/index.php?rest_route=\/wp\/v2\/posts\/5863\/revisions"}],"predecessor-version":[{"id":5872,"href":"https:\/\/skolski-puls.com.hr\/index.php?rest_route=\/wp\/v2\/posts\/5863\/revisions\/5872"}],"wp:featuredmedia":[{"embeddable":true,"href":"https:\/\/skolski-puls.com.hr\/index.php?rest_route=\/wp\/v2\/media\/5865"}],"wp:attachment":[{"href":"https:\/\/skolski-puls.com.hr\/index.php?rest_route=%2Fwp%2Fv2%2Fmedia&parent=5863"}],"wp:term":[{"taxonomy":"category","embeddable":true,"href":"https:\/\/skolski-puls.com.hr\/index.php?rest_route=%2Fwp%2Fv2%2Fcategories&post=5863"},{"taxonomy":"post_tag","embeddable":true,"href":"https:\/\/skolski-puls.com.hr\/index.php?rest_route=%2Fwp%2Fv2%2Ftags&post=5863"}],"curies":[{"name":"wp","href":"https:\/\/api.w.org\/{rel}","templated":true}]}}