{"id":601,"date":"2017-10-28T06:32:31","date_gmt":"2017-10-28T06:32:31","guid":{"rendered":"http:\/\/skolski-puls.com.hr\/?p=601"},"modified":"2017-10-28T06:32:31","modified_gmt":"2017-10-28T06:32:31","slug":"podijeljena-priznanja-veliko-srce-varazdina","status":"publish","type":"post","link":"https:\/\/skolski-puls.com.hr\/?p=601","title":{"rendered":"Podijeljena priznanja\u00a0\u201cVeliko srce Vara\u017edina\u201d"},"content":{"rendered":"<p>Na Dan me\u0111unarodnog pomaganja, 26. listopada, u Gradskoj su vije\u0107nici podijeljena priznanja<strong>\u00a0\u201cVeliko srce Vara\u017edina\u201d.<\/strong><\/p>\n<p>To je priznanje koje je ustanovilo, i svake godine dodjeljuje, Dje\u010dje gradsko vije\u0107e Vara\u017edina pojedincima i grupama koje svojim radom, pona\u0161anjem, odgovorno\u0161\u0107u prema zajednici i osobnim zalaganjem \u010dine dobro drugoj djeci i\/ili zajednici.<\/p>\n<p>Time se \u017eele istaknuti oni u\u010denici i djeca koja svojim radom doprinose i poma\u017eu, koja u svojoj okolini primje\u0107uju one kojima je pomo\u0107 potrebna i poma\u017eu, a pri tom su nerijetko uspje\u0161ni u\u010denici, aktivni na raznim podru\u010djima u \u0161koli i izvan nje, ali ipak svojom empatijom, vremenom, znanjem ili d\u017eeparcem poma\u017eu potrebitima. Upravo se zato priznanje dodjeljuje na Me\u0111unarodni dan pomaganja.<\/p>\n<p>Ove godine<strong>\u00a0priznanje je dobilo njih 14 te jedna grupa u\u010denika<\/strong>, a dobitnicima je priznanje udijelio gradona\u010delnik Grada Vara\u017edina\u00a0<strong>Ivan \u010cehok<\/strong>.<\/p>\n<p><strong>VELIKA SRCA na\u0161e \u0161kole su VID IL\u010cI\u0106 i PATRICIJA LON\u010cARI\u0106<\/strong><\/p>\n<p>VID IL\u010cI\u0106 je odli\u010dan u\u010denik 8. razreda.<\/p>\n<p>U razredu je omiljen jer je uvijek spreman pomo\u0107i svakome, nasmijan je, strpljiv i pun razumijevanja. Savjestan je i odgovoran, vrlo ozbiljno shva\u0107a svoje obveze, na njega se uvijek mo\u017ee osloniti i ra\u010dunati. U opho\u0111enju je uvijek pristojan, nikad nije ni s kim u sva\u0111i, s po\u0161tovanjem se odnosi i prema vr\u0161njacima i prema odraslima.<\/p>\n<p>Redovito trenira vaterpolo i svira violinu u Glazbenoj \u0161koli ve\u0107 \u0161estu godinu.<\/p>\n<p><a href=\"http:\/\/skolski-puls.com.hr\/wp-content\/uploads\/2017\/10\/srce2.png\"><img loading=\"lazy\" decoding=\"async\" class=\"aligncenter wp-image-603 size-full\" src=\"http:\/\/skolski-puls.com.hr\/wp-content\/uploads\/2017\/10\/srce2.png\" alt=\"\" width=\"866\" height=\"487\" srcset=\"https:\/\/skolski-puls.com.hr\/wp-content\/uploads\/2017\/10\/srce2.png 866w, https:\/\/skolski-puls.com.hr\/wp-content\/uploads\/2017\/10\/srce2-768x432.png 768w, https:\/\/skolski-puls.com.hr\/wp-content\/uploads\/2017\/10\/srce2-640x360.png 640w\" sizes=\"auto, (max-width: 866px) 100vw, 866px\" \/><\/a><\/p>\n<p>PATRICIJA LON\u010cARI\u0106<\/p>\n<p>Za Patriciju mo\u017eemo re\u0107i samo rije\u010di hvale; dobra je, pametna, kreativna, marljiva i uredna. Odli\u010dna je u\u010denica od prvog razreda iz svih nastavnih predmeta.<\/p>\n<p>Uvijek je tu za nas i nikada joj nije te\u0161ko pomo\u0107i bilo kome. U napetim trenucima sva\u0111a ili sukoba ona sve smiruje i poma\u017ee u rje\u0161avanju problema na razuman i miran na\u010din.<\/p>\n<p>Stigne se baviti i plivanjem u kojem posti\u017ee vrhunske rezultate.<\/p>\n<p>&nbsp;<\/p>\n<p>&nbsp;<\/p>\n<p>&nbsp;<\/p>\n<p>&nbsp;<\/p>\n<p>&nbsp;<\/p>\n<p>&nbsp;<\/p>\n<p>&nbsp;<\/p>\n<p>&nbsp;<\/p>\n<p>&nbsp;<\/p>\n<p>&nbsp;<\/p>\n","protected":false},"excerpt":{"rendered":"<p>Na Dan me\u0111unarodnog pomaganja, 26. listopada, u Gradskoj su vije\u0107nici podijeljena priznanja\u00a0\u201cVeliko srce Vara\u017edina\u201d. To je priznanje koje je ustanovilo, i svake godine dodjeljuje, Dje\u010dje gradsko vije\u0107e Vara\u017edina pojedincima i grupama koje svojim radom, pona\u0161anjem, odgovorno\u0161\u0107u prema zajednici i osobnim zalaganjem \u010dine dobro drugoj djeci i\/ili zajednici. Time se \u017eele istaknuti oni u\u010denici i djeca [&hellip;]<\/p>\n","protected":false},"author":2,"featured_media":602,"comment_status":"open","ping_status":"open","sticky":false,"template":"","format":"standard","meta":{"footnotes":""},"categories":[10],"tags":[],"class_list":["post-601","post","type-post","status-publish","format-standard","has-post-thumbnail","hentry","category-vijesti"],"_links":{"self":[{"href":"https:\/\/skolski-puls.com.hr\/index.php?rest_route=\/wp\/v2\/posts\/601","targetHints":{"allow":["GET"]}}],"collection":[{"href":"https:\/\/skolski-puls.com.hr\/index.php?rest_route=\/wp\/v2\/posts"}],"about":[{"href":"https:\/\/skolski-puls.com.hr\/index.php?rest_route=\/wp\/v2\/types\/post"}],"author":[{"embeddable":true,"href":"https:\/\/skolski-puls.com.hr\/index.php?rest_route=\/wp\/v2\/users\/2"}],"replies":[{"embeddable":true,"href":"https:\/\/skolski-puls.com.hr\/index.php?rest_route=%2Fwp%2Fv2%2Fcomments&post=601"}],"version-history":[{"count":3,"href":"https:\/\/skolski-puls.com.hr\/index.php?rest_route=\/wp\/v2\/posts\/601\/revisions"}],"predecessor-version":[{"id":606,"href":"https:\/\/skolski-puls.com.hr\/index.php?rest_route=\/wp\/v2\/posts\/601\/revisions\/606"}],"wp:featuredmedia":[{"embeddable":true,"href":"https:\/\/skolski-puls.com.hr\/index.php?rest_route=\/wp\/v2\/media\/602"}],"wp:attachment":[{"href":"https:\/\/skolski-puls.com.hr\/index.php?rest_route=%2Fwp%2Fv2%2Fmedia&parent=601"}],"wp:term":[{"taxonomy":"category","embeddable":true,"href":"https:\/\/skolski-puls.com.hr\/index.php?rest_route=%2Fwp%2Fv2%2Fcategories&post=601"},{"taxonomy":"post_tag","embeddable":true,"href":"https:\/\/skolski-puls.com.hr\/index.php?rest_route=%2Fwp%2Fv2%2Ftags&post=601"}],"curies":[{"name":"wp","href":"https:\/\/api.w.org\/{rel}","templated":true}]}}