{"id":607,"date":"2017-10-31T07:35:16","date_gmt":"2017-10-31T07:35:16","guid":{"rendered":"http:\/\/skolski-puls.com.hr\/?p=607"},"modified":"2017-10-31T07:35:16","modified_gmt":"2017-10-31T07:35:16","slug":"3-a-na-terenskoj-nastavi-u-galeriji-starih-i-novih-majstora","status":"publish","type":"post","link":"https:\/\/skolski-puls.com.hr\/?p=607","title":{"rendered":"3.a na terenskoj nastavi u Galeriji starih i novih majstora"},"content":{"rendered":"<p>U petak, 27.10.2017., u\u010denici 3.a razreda su u pratnji u\u010diteljice Marije Ili\u0107 Konji\u0107 posjetili izlo\u017ebu pod nazivom \u201eHommage \u00e0 Miljenko Stan\u010di\u0107\u201c. Izlo\u017eba se odr\u017eava u Galeriji starih i novih majstora u pala\u010di Sermage te je organizirana povodom 90. godi\u0161njice ro\u0111enja i 35. godi\u0161njice smrti Miljenka Stan\u010di\u0107a. \u00a0Tom prigodom u\u010denici su vidjeli najpoznatija djela vara\u017edinskog slikara Miljenka Stan\u010di\u0107a. U sklopu izlo\u017ebe u\u010denici su sudjelovali i u kreativnoj radionici gdje su u likovno-edukativnom bloku u\u010dili o toplim i hladnim bojama, te izradili svoj kola\u017e najljep\u0161ih Stan\u010di\u0107evih djela.<\/p>\n<p>Na povratku u \u0161kolu u\u010denici 3.a obi\u0161li su i Trg starih zanata.<\/p>\n<p>&nbsp;<\/p>\n<p>Vito Weiser, 5.a<\/p>\n","protected":false},"excerpt":{"rendered":"<p>U petak, 27.10.2017., u\u010denici 3.a razreda su u pratnji u\u010diteljice Marije Ili\u0107 Konji\u0107 posjetili izlo\u017ebu pod nazivom \u201eHommage \u00e0 Miljenko Stan\u010di\u0107\u201c. Izlo\u017eba se odr\u017eava u Galeriji starih i novih majstora u pala\u010di Sermage te je organizirana povodom 90. godi\u0161njice ro\u0111enja i 35. godi\u0161njice smrti Miljenka Stan\u010di\u0107a. \u00a0Tom prigodom u\u010denici su vidjeli najpoznatija djela vara\u017edinskog slikara [&hellip;]<\/p>\n","protected":false},"author":2,"featured_media":608,"comment_status":"open","ping_status":"open","sticky":false,"template":"","format":"standard","meta":{"footnotes":""},"categories":[10],"tags":[],"class_list":["post-607","post","type-post","status-publish","format-standard","has-post-thumbnail","hentry","category-vijesti"],"_links":{"self":[{"href":"https:\/\/skolski-puls.com.hr\/index.php?rest_route=\/wp\/v2\/posts\/607","targetHints":{"allow":["GET"]}}],"collection":[{"href":"https:\/\/skolski-puls.com.hr\/index.php?rest_route=\/wp\/v2\/posts"}],"about":[{"href":"https:\/\/skolski-puls.com.hr\/index.php?rest_route=\/wp\/v2\/types\/post"}],"author":[{"embeddable":true,"href":"https:\/\/skolski-puls.com.hr\/index.php?rest_route=\/wp\/v2\/users\/2"}],"replies":[{"embeddable":true,"href":"https:\/\/skolski-puls.com.hr\/index.php?rest_route=%2Fwp%2Fv2%2Fcomments&post=607"}],"version-history":[{"count":1,"href":"https:\/\/skolski-puls.com.hr\/index.php?rest_route=\/wp\/v2\/posts\/607\/revisions"}],"predecessor-version":[{"id":609,"href":"https:\/\/skolski-puls.com.hr\/index.php?rest_route=\/wp\/v2\/posts\/607\/revisions\/609"}],"wp:featuredmedia":[{"embeddable":true,"href":"https:\/\/skolski-puls.com.hr\/index.php?rest_route=\/wp\/v2\/media\/608"}],"wp:attachment":[{"href":"https:\/\/skolski-puls.com.hr\/index.php?rest_route=%2Fwp%2Fv2%2Fmedia&parent=607"}],"wp:term":[{"taxonomy":"category","embeddable":true,"href":"https:\/\/skolski-puls.com.hr\/index.php?rest_route=%2Fwp%2Fv2%2Fcategories&post=607"},{"taxonomy":"post_tag","embeddable":true,"href":"https:\/\/skolski-puls.com.hr\/index.php?rest_route=%2Fwp%2Fv2%2Ftags&post=607"}],"curies":[{"name":"wp","href":"https:\/\/api.w.org\/{rel}","templated":true}]}}