{"id":6177,"date":"2023-06-14T06:30:59","date_gmt":"2023-06-14T06:30:59","guid":{"rendered":"https:\/\/skolski-puls.com.hr\/?p=6177"},"modified":"2023-06-14T06:30:59","modified_gmt":"2023-06-14T06:30:59","slug":"projekt-cvjetna-lektira-2023","status":"publish","type":"post","link":"https:\/\/skolski-puls.com.hr\/?p=6177","title":{"rendered":"Projekt Cvjetna lektira 2023."},"content":{"rendered":"<p>Ovogodi\u0161nje izdanje projekta <strong><em>\u2018Cvjetna lektira\u2019 <\/em><\/strong>koji marljivo provode u\u010diteljice i u\u010denici 2. abc razreda u suradnji sa \u0161kolskom knji\u017eni\u010darkom <strong>Marinom Mavrek<\/strong>, uspje\u0161no je privedeno kraju. Projekt se provodi s ciljem ostvarivanja\u00a0kreativnijeg odnosa prema u\u010deni\u010dkoj lektiri, stjecanja stvarala\u010dkog iskustva, poticanja ma\u0161te i\u00a0 kreativnosti, u\u017eivanja u \u010ditanju i ljubavi prema knjizi, razvijanje ekolo\u0161ke svijesti kod u\u010denika te pobu\u0111ivanja interesa u\u010denika za STEM podru\u010dja.<\/p>\n<p>I ove godine, prolje\u0107e su obilje\u017eili \u010ditaju\u0107i pri\u010du <strong><em>\u2018Plesna haljina \u017eutog masla\u010dka\u2019<\/em> Sun\u010dane \u0160krinjari\u0107<\/strong>, izradom kreativnih\u00a0i likovnih radova, terenskom nastavom i sportskim aktivnostima.<\/p>\n<p>U\u010denici su se natjecali u kvizu prepoznavanja cvije\u0107a, izra\u0111ivali strani\u010dnike s motivima iz pri\u010de, ukrase od recikla\u017enog papira, mirisne slike od prirodnih materijala te osmislili stripove prema knji\u017eevnom predlo\u0161ku.<\/p>\n<p>Najlak\u0161i na\u010din za u\u010denje o biljkama je kroz sakupljanje, su\u0161enje i slaganje biljaka u zbirku koja se naziva herbarij. Na\u0161i druga\u0161i\u0107i oku\u0161ali su se u ovom zanimljivom procesu otkrivanja i \u010duvanja pojedinih primjeraka zavi\u010dajne flore. U\u010denici 2. b razreda sa svojom u\u010diteljicom<strong> Silvijom Gr\u0111an-Hosni<\/strong> su se oku\u0161ali u izradi recikliranog papira i dokazali da je recikliranje koristan proces jer njime smanjujemo kori\u0161tenje prirodnih sirovina i \u010duvamo okoli\u0161!<\/p>\n<p>Sa svojim u\u010diteljicama, \u00a0<strong>Ivanom \u0160vagelj Majcen, Silvijom Gr\u0111an-Hosni, Lidijom Drvari\u0107, Snje\u017eanom Kolak<\/strong> i \u0161kolskom knji\u017eni\u010darkom posjetiti su i izlo\u017ebu kukaca \u2013 stalni postav Entomolo\u0161kog odjela GMV te Vrtni centar, gdje su saznali zanimljive i pou\u010dne informacije o biljnom i \u017eivotinjskom svijetu.<\/p>\n<p>Na kraju projekta, organizirane su natjecateljske igre pod nazivom <strong>Masla\u010dkove natjecateljske igre<\/strong> u na\u0161oj sportskoj dvorani, u kojima su sudjelovali u\u010denici\u00a0 drugih razreda zajedno sa svojim roditeljima, djedovima i bakama! Razvijanje sportskog duha, bodrenje natjecatelja, osmijeh i radost na licima na\u0161ih u\u010denika ( i roditelja) najbolja su nagrada za ovakve aktivnosti.<\/p>\n<p>Rezultate zajedni\u010dkog rada u projektu\u2013 ma\u0161tovite i kreativne radove, u\u010denici su pokazali roditeljima na izlo\u017ebi nakon natjecateljskih igara i okrijepe.<\/p>\n<p>U nastavku pogledajte kako je sve to izgledalo ove godine!<\/p>\n<p><iframe loading=\"lazy\" src=\"https:\/\/express.adobe.com\/video\/omJsNvVrFgWeM\/embed\" width=\"960\" height=\"540\" frameborder=\"0\" allowfullscreen=\"allowfullscreen\"><\/iframe><br \/>\n&nbsp;<\/p>\n<p>Marina Mavrek<\/p>\n<p>&nbsp;<\/p>\n","protected":false},"excerpt":{"rendered":"<p>Ovogodi\u0161nje izdanje projekta \u2018Cvjetna lektira\u2019 koji marljivo provode u\u010diteljice i u\u010denici 2. abc razreda u suradnji sa \u0161kolskom knji\u017eni\u010darkom Marinom Mavrek, uspje\u0161no je privedeno kraju. Projekt se provodi s ciljem ostvarivanja\u00a0kreativnijeg odnosa prema u\u010deni\u010dkoj lektiri, stjecanja stvarala\u010dkog iskustva, poticanja ma\u0161te i\u00a0 kreativnosti, u\u017eivanja u \u010ditanju i ljubavi prema knjizi, razvijanje ekolo\u0161ke svijesti kod u\u010denika te [&hellip;]<\/p>\n","protected":false},"author":2,"featured_media":6178,"comment_status":"open","ping_status":"open","sticky":false,"template":"","format":"standard","meta":{"footnotes":""},"categories":[15],"tags":[],"class_list":["post-6177","post","type-post","status-publish","format-standard","has-post-thumbnail","hentry","category-projekti"],"_links":{"self":[{"href":"https:\/\/skolski-puls.com.hr\/index.php?rest_route=\/wp\/v2\/posts\/6177","targetHints":{"allow":["GET"]}}],"collection":[{"href":"https:\/\/skolski-puls.com.hr\/index.php?rest_route=\/wp\/v2\/posts"}],"about":[{"href":"https:\/\/skolski-puls.com.hr\/index.php?rest_route=\/wp\/v2\/types\/post"}],"author":[{"embeddable":true,"href":"https:\/\/skolski-puls.com.hr\/index.php?rest_route=\/wp\/v2\/users\/2"}],"replies":[{"embeddable":true,"href":"https:\/\/skolski-puls.com.hr\/index.php?rest_route=%2Fwp%2Fv2%2Fcomments&post=6177"}],"version-history":[{"count":1,"href":"https:\/\/skolski-puls.com.hr\/index.php?rest_route=\/wp\/v2\/posts\/6177\/revisions"}],"predecessor-version":[{"id":6179,"href":"https:\/\/skolski-puls.com.hr\/index.php?rest_route=\/wp\/v2\/posts\/6177\/revisions\/6179"}],"wp:featuredmedia":[{"embeddable":true,"href":"https:\/\/skolski-puls.com.hr\/index.php?rest_route=\/wp\/v2\/media\/6178"}],"wp:attachment":[{"href":"https:\/\/skolski-puls.com.hr\/index.php?rest_route=%2Fwp%2Fv2%2Fmedia&parent=6177"}],"wp:term":[{"taxonomy":"category","embeddable":true,"href":"https:\/\/skolski-puls.com.hr\/index.php?rest_route=%2Fwp%2Fv2%2Fcategories&post=6177"},{"taxonomy":"post_tag","embeddable":true,"href":"https:\/\/skolski-puls.com.hr\/index.php?rest_route=%2Fwp%2Fv2%2Ftags&post=6177"}],"curies":[{"name":"wp","href":"https:\/\/api.w.org\/{rel}","templated":true}]}}