{"id":6238,"date":"2023-06-21T15:46:16","date_gmt":"2023-06-21T15:46:16","guid":{"rendered":"https:\/\/skolski-puls.com.hr\/?p=6238"},"modified":"2023-06-21T15:46:16","modified_gmt":"2023-06-21T15:46:16","slug":"projekt-pratim-medije-provjeravam-informacije-u-skolskoj-knjiznici","status":"publish","type":"post","link":"https:\/\/skolski-puls.com.hr\/?p=6238","title":{"rendered":"Projekt &#8216;Pratim medije, provjeravam informacije&#8217; u \u0161kolskoj knji\u017enici"},"content":{"rendered":"<p>U\u010denici od 1. do 8. razreda IV. osnovne \u0161kole Vara\u017edin i ove su \u0161kolske godine imali prilike sudjelovati u projektu medijskog opismenjavanja pod nazivnom \u2018Pratim medije, provjeravam informacije\u2019 koji je organizirala \u0161kolska knji\u017eni\u010darka Marina Mavrek. Projekt je nastao s ciljem podizanja svijesti o potrebi medijskog opismenjavanja djece i mladih, o njihovim medijskim navikama, promicanja kriti\u010dkog mi\u0161ljenja tijekom kori\u0161tenja medija, razvijanja vje\u0161tina kako bi postali\u00a0 \u2018medijski mudri\u2019, a provodio se na Satovima razrednika ni\u017eih i vi\u0161ih razreda unutar me\u0111upredmetnih tema Osobni i socijalni razvoj, Gra\u0111anski odgoj i obrazovanje, Zdravlje te Uporaba informacijske i komunikacijske tehnologije.<\/p>\n<p>Platforme medijskapismenost.hr i djecamedija.hr koje se konkretno bave razvojem i poticanjem medijske pismenosti svih dobnih skupina te nude na kori\u0161tenje obrazovne materijale, za u\u010denike i u\u010ditelje, ali \u00a0i za roditelje, u obliku priru\u010dnika, bro\u0161ura, infografika, video uradaka te primjere dobre prakse, poslu\u017eile su kao korisni izvori za provedbu radionica unutar projekta.<\/p>\n<p>Teme su obra\u0111ivane prema uzrastu u\u010denika, a posebna pozornost se posvetila izradi opti\u010dkih igra\u010daka, pozitivnim i negativnim medijskim sadr\u017eajima, digitalnim medijima i mentalnom zdravlju, medijima i emocijama, oglasima i prikrivenom ogla\u0161avanju, dezinformacijama i la\u017enim vijestima, senzacionalizmu u medijima, prikazu ljepote u medijima te ulozi influencera u \u017eivotima djece i mladih. U\u010denici su aktivno sudjelovali u radionicama, aktivnostima, diskusijama.<\/p>\n<p>Osim toga, povodom 6. Dana medijske pismenosti, u\u010denici \u010detvrtih razreda posjetili su VTV Televiziju te se upoznali s radom na\u0161e regionalne televizijske ku\u0107e.<\/p>\n<p>Cjelovitim i kontinuiranim medijskim opismenjavanjem na\u0161ih u\u010denika, mislimo na njihovu budu\u0107nost kada \u0107e kao informirani gra\u0111ani biti sposobni kriti\u010dki razmi\u0161ljati pri interpretaciji medijskih sadr\u017eaja i poruka te ih analizirati, \u00a0a ne ih samo konzumirati.<\/p>\n<p>&nbsp;<\/p>\n<p>Marina Mavrek<\/p>\n<div id='gallery-1' class='gallery galleryid-6238 gallery-columns-3 gallery-size-thumbnail'><figure class='gallery-item'>\n\t\t\t<div class='gallery-icon landscape'>\n\t\t\t\t<a href='https:\/\/skolski-puls.com.hr\/wp-content\/uploads\/2023\/06\/7-1.jpg'><img loading=\"lazy\" decoding=\"async\" width=\"150\" height=\"150\" src=\"https:\/\/skolski-puls.com.hr\/wp-content\/uploads\/2023\/06\/7-1-150x150.jpg\" class=\"attachment-thumbnail size-thumbnail\" alt=\"\" srcset=\"https:\/\/skolski-puls.com.hr\/wp-content\/uploads\/2023\/06\/7-1-150x150.jpg 150w, https:\/\/skolski-puls.com.hr\/wp-content\/uploads\/2023\/06\/7-1-1024x1024.jpg 1024w, https:\/\/skolski-puls.com.hr\/wp-content\/uploads\/2023\/06\/7-1-768x768.jpg 768w, https:\/\/skolski-puls.com.hr\/wp-content\/uploads\/2023\/06\/7-1-640x640.jpg 640w, https:\/\/skolski-puls.com.hr\/wp-content\/uploads\/2023\/06\/7-1.jpg 1200w\" sizes=\"auto, (max-width: 150px) 100vw, 150px\" \/><\/a>\n\t\t\t<\/div><\/figure><figure class='gallery-item'>\n\t\t\t<div class='gallery-icon landscape'>\n\t\t\t\t<a href='https:\/\/skolski-puls.com.hr\/wp-content\/uploads\/2023\/06\/61.jpg'><img loading=\"lazy\" decoding=\"async\" width=\"150\" height=\"150\" src=\"https:\/\/skolski-puls.com.hr\/wp-content\/uploads\/2023\/06\/61-150x150.jpg\" class=\"attachment-thumbnail size-thumbnail\" alt=\"\" srcset=\"https:\/\/skolski-puls.com.hr\/wp-content\/uploads\/2023\/06\/61-150x150.jpg 150w, https:\/\/skolski-puls.com.hr\/wp-content\/uploads\/2023\/06\/61-1024x1024.jpg 1024w, https:\/\/skolski-puls.com.hr\/wp-content\/uploads\/2023\/06\/61-768x768.jpg 768w, https:\/\/skolski-puls.com.hr\/wp-content\/uploads\/2023\/06\/61-640x640.jpg 640w, https:\/\/skolski-puls.com.hr\/wp-content\/uploads\/2023\/06\/61.jpg 1200w\" sizes=\"auto, (max-width: 150px) 100vw, 150px\" \/><\/a>\n\t\t\t<\/div><\/figure><figure class='gallery-item'>\n\t\t\t<div class='gallery-icon landscape'>\n\t\t\t\t<a href='https:\/\/skolski-puls.com.hr\/wp-content\/uploads\/2023\/06\/3-3.jpg'><img loading=\"lazy\" decoding=\"async\" width=\"150\" height=\"150\" src=\"https:\/\/skolski-puls.com.hr\/wp-content\/uploads\/2023\/06\/3-3-150x150.jpg\" class=\"attachment-thumbnail size-thumbnail\" alt=\"\" srcset=\"https:\/\/skolski-puls.com.hr\/wp-content\/uploads\/2023\/06\/3-3-150x150.jpg 150w, https:\/\/skolski-puls.com.hr\/wp-content\/uploads\/2023\/06\/3-3-1024x1024.jpg 1024w, https:\/\/skolski-puls.com.hr\/wp-content\/uploads\/2023\/06\/3-3-768x768.jpg 768w, https:\/\/skolski-puls.com.hr\/wp-content\/uploads\/2023\/06\/3-3-640x640.jpg 640w, https:\/\/skolski-puls.com.hr\/wp-content\/uploads\/2023\/06\/3-3.jpg 1200w\" sizes=\"auto, (max-width: 150px) 100vw, 150px\" \/><\/a>\n\t\t\t<\/div><\/figure><figure class='gallery-item'>\n\t\t\t<div class='gallery-icon landscape'>\n\t\t\t\t<a href='https:\/\/skolski-puls.com.hr\/wp-content\/uploads\/2023\/06\/51.jpg'><img loading=\"lazy\" decoding=\"async\" width=\"150\" height=\"150\" src=\"https:\/\/skolski-puls.com.hr\/wp-content\/uploads\/2023\/06\/51-150x150.jpg\" class=\"attachment-thumbnail size-thumbnail\" alt=\"\" srcset=\"https:\/\/skolski-puls.com.hr\/wp-content\/uploads\/2023\/06\/51-150x150.jpg 150w, https:\/\/skolski-puls.com.hr\/wp-content\/uploads\/2023\/06\/51-1024x1024.jpg 1024w, https:\/\/skolski-puls.com.hr\/wp-content\/uploads\/2023\/06\/51-768x768.jpg 768w, https:\/\/skolski-puls.com.hr\/wp-content\/uploads\/2023\/06\/51-640x640.jpg 640w, https:\/\/skolski-puls.com.hr\/wp-content\/uploads\/2023\/06\/51.jpg 1200w\" sizes=\"auto, (max-width: 150px) 100vw, 150px\" \/><\/a>\n\t\t\t<\/div><\/figure><figure class='gallery-item'>\n\t\t\t<div class='gallery-icon landscape'>\n\t\t\t\t<a href='https:\/\/skolski-puls.com.hr\/wp-content\/uploads\/2023\/06\/11-1.jpg'><img loading=\"lazy\" decoding=\"async\" width=\"150\" height=\"150\" src=\"https:\/\/skolski-puls.com.hr\/wp-content\/uploads\/2023\/06\/11-1-150x150.jpg\" class=\"attachment-thumbnail size-thumbnail\" alt=\"\" srcset=\"https:\/\/skolski-puls.com.hr\/wp-content\/uploads\/2023\/06\/11-1-150x150.jpg 150w, https:\/\/skolski-puls.com.hr\/wp-content\/uploads\/2023\/06\/11-1-1024x1024.jpg 1024w, https:\/\/skolski-puls.com.hr\/wp-content\/uploads\/2023\/06\/11-1-768x768.jpg 768w, https:\/\/skolski-puls.com.hr\/wp-content\/uploads\/2023\/06\/11-1-640x640.jpg 640w, https:\/\/skolski-puls.com.hr\/wp-content\/uploads\/2023\/06\/11-1.jpg 1200w\" sizes=\"auto, (max-width: 150px) 100vw, 150px\" \/><\/a>\n\t\t\t<\/div><\/figure><figure class='gallery-item'>\n\t\t\t<div class='gallery-icon landscape'>\n\t\t\t\t<a href='https:\/\/skolski-puls.com.hr\/wp-content\/uploads\/2023\/06\/4-2.jpg'><img loading=\"lazy\" decoding=\"async\" width=\"150\" height=\"150\" src=\"https:\/\/skolski-puls.com.hr\/wp-content\/uploads\/2023\/06\/4-2-150x150.jpg\" class=\"attachment-thumbnail size-thumbnail\" alt=\"\" srcset=\"https:\/\/skolski-puls.com.hr\/wp-content\/uploads\/2023\/06\/4-2-150x150.jpg 150w, https:\/\/skolski-puls.com.hr\/wp-content\/uploads\/2023\/06\/4-2-1024x1024.jpg 1024w, https:\/\/skolski-puls.com.hr\/wp-content\/uploads\/2023\/06\/4-2-768x768.jpg 768w, https:\/\/skolski-puls.com.hr\/wp-content\/uploads\/2023\/06\/4-2-640x640.jpg 640w, https:\/\/skolski-puls.com.hr\/wp-content\/uploads\/2023\/06\/4-2.jpg 1200w\" sizes=\"auto, (max-width: 150px) 100vw, 150px\" \/><\/a>\n\t\t\t<\/div><\/figure><figure class='gallery-item'>\n\t\t\t<div class='gallery-icon landscape'>\n\t\t\t\t<a href='https:\/\/skolski-puls.com.hr\/wp-content\/uploads\/2023\/06\/2-4.jpg'><img loading=\"lazy\" decoding=\"async\" width=\"150\" height=\"150\" src=\"https:\/\/skolski-puls.com.hr\/wp-content\/uploads\/2023\/06\/2-4-150x150.jpg\" class=\"attachment-thumbnail size-thumbnail\" alt=\"\" srcset=\"https:\/\/skolski-puls.com.hr\/wp-content\/uploads\/2023\/06\/2-4-150x150.jpg 150w, https:\/\/skolski-puls.com.hr\/wp-content\/uploads\/2023\/06\/2-4-1024x1024.jpg 1024w, https:\/\/skolski-puls.com.hr\/wp-content\/uploads\/2023\/06\/2-4-768x768.jpg 768w, https:\/\/skolski-puls.com.hr\/wp-content\/uploads\/2023\/06\/2-4-640x640.jpg 640w, https:\/\/skolski-puls.com.hr\/wp-content\/uploads\/2023\/06\/2-4.jpg 1200w\" sizes=\"auto, (max-width: 150px) 100vw, 150px\" \/><\/a>\n\t\t\t<\/div><\/figure>\n\t\t<\/div>\n\n","protected":false},"excerpt":{"rendered":"<p>U\u010denici od 1. do 8. razreda IV. osnovne \u0161kole Vara\u017edin i ove su \u0161kolske godine imali prilike sudjelovati u projektu medijskog opismenjavanja pod nazivnom \u2018Pratim medije, provjeravam informacije\u2019 koji je organizirala \u0161kolska knji\u017eni\u010darka Marina Mavrek. Projekt je nastao s ciljem podizanja svijesti o potrebi medijskog opismenjavanja djece i mladih, o njihovim medijskim navikama, promicanja kriti\u010dkog [&hellip;]<\/p>\n","protected":false},"author":2,"featured_media":6246,"comment_status":"open","ping_status":"open","sticky":false,"template":"","format":"standard","meta":{"footnotes":""},"categories":[15],"tags":[],"class_list":["post-6238","post","type-post","status-publish","format-standard","has-post-thumbnail","hentry","category-projekti"],"_links":{"self":[{"href":"https:\/\/skolski-puls.com.hr\/index.php?rest_route=\/wp\/v2\/posts\/6238","targetHints":{"allow":["GET"]}}],"collection":[{"href":"https:\/\/skolski-puls.com.hr\/index.php?rest_route=\/wp\/v2\/posts"}],"about":[{"href":"https:\/\/skolski-puls.com.hr\/index.php?rest_route=\/wp\/v2\/types\/post"}],"author":[{"embeddable":true,"href":"https:\/\/skolski-puls.com.hr\/index.php?rest_route=\/wp\/v2\/users\/2"}],"replies":[{"embeddable":true,"href":"https:\/\/skolski-puls.com.hr\/index.php?rest_route=%2Fwp%2Fv2%2Fcomments&post=6238"}],"version-history":[{"count":1,"href":"https:\/\/skolski-puls.com.hr\/index.php?rest_route=\/wp\/v2\/posts\/6238\/revisions"}],"predecessor-version":[{"id":6247,"href":"https:\/\/skolski-puls.com.hr\/index.php?rest_route=\/wp\/v2\/posts\/6238\/revisions\/6247"}],"wp:featuredmedia":[{"embeddable":true,"href":"https:\/\/skolski-puls.com.hr\/index.php?rest_route=\/wp\/v2\/media\/6246"}],"wp:attachment":[{"href":"https:\/\/skolski-puls.com.hr\/index.php?rest_route=%2Fwp%2Fv2%2Fmedia&parent=6238"}],"wp:term":[{"taxonomy":"category","embeddable":true,"href":"https:\/\/skolski-puls.com.hr\/index.php?rest_route=%2Fwp%2Fv2%2Fcategories&post=6238"},{"taxonomy":"post_tag","embeddable":true,"href":"https:\/\/skolski-puls.com.hr\/index.php?rest_route=%2Fwp%2Fv2%2Ftags&post=6238"}],"curies":[{"name":"wp","href":"https:\/\/api.w.org\/{rel}","templated":true}]}}