{"id":6295,"date":"2023-07-07T13:09:38","date_gmt":"2023-07-07T13:09:38","guid":{"rendered":"https:\/\/skolski-puls.com.hr\/?p=6295"},"modified":"2023-07-07T13:11:04","modified_gmt":"2023-07-07T13:11:04","slug":"cetvrta-ispratila-jos-jednu-generaciju-osmasa","status":"publish","type":"post","link":"https:\/\/skolski-puls.com.hr\/?p=6295","title":{"rendered":"\u010cetvrta ispratila jo\u0161 jednu generaciju osma\u0161a"},"content":{"rendered":"<p>Sve\u010danom podjelom svjedod\u017ebi generacija osmih razreda 2022. \/ 2023. oprostila se od svojeg osnovno\u0161kolskog obrazovanja.<\/p>\n<p>U\u010denicima je na uspje\u0161nom zavr\u0161etku \u010destitala ravnateljica <strong>dr.sc. Jasmina Posavec<\/strong>, razrednice <strong>Dijana Ga\u0161parac, Martina Kne\u017ei\u0107<\/strong> i razrednik<strong> Nenad \u0160kerbi\u0107,<\/strong>\u00a0u\u010diteljice razredne nastave <strong>Gordana Foder, Jasminka Jal\u0161i\u0107 te Marija Ili\u0107 &#8211; Konji\u0107 <\/strong>te ostali \u010dlanovi razrednih vije\u0107a.<\/p>\n<p>Puno uspjeha u daljnjem \u017eivotu i \u0161kolovanju!<\/p>\n<div id='gallery-1' class='gallery galleryid-6295 gallery-columns-3 gallery-size-thumbnail'><figure class='gallery-item'>\n\t\t\t<div class='gallery-icon landscape'>\n\t\t\t\t<a href='https:\/\/skolski-puls.com.hr\/wp-content\/uploads\/2023\/07\/viber_slika_2023-07-07_14-55-01-288.jpg'><img loading=\"lazy\" decoding=\"async\" width=\"150\" height=\"150\" src=\"https:\/\/skolski-puls.com.hr\/wp-content\/uploads\/2023\/07\/viber_slika_2023-07-07_14-55-01-288-150x150.jpg\" class=\"attachment-thumbnail size-thumbnail\" alt=\"\" \/><\/a>\n\t\t\t<\/div><\/figure><figure class='gallery-item'>\n\t\t\t<div class='gallery-icon landscape'>\n\t\t\t\t<a href='https:\/\/skolski-puls.com.hr\/wp-content\/uploads\/2023\/07\/viber_slika_2023-07-07_14-55-01-387.jpg'><img loading=\"lazy\" decoding=\"async\" width=\"150\" height=\"150\" src=\"https:\/\/skolski-puls.com.hr\/wp-content\/uploads\/2023\/07\/viber_slika_2023-07-07_14-55-01-387-150x150.jpg\" class=\"attachment-thumbnail size-thumbnail\" alt=\"\" \/><\/a>\n\t\t\t<\/div><\/figure><figure class='gallery-item'>\n\t\t\t<div class='gallery-icon portrait'>\n\t\t\t\t<a href='https:\/\/skolski-puls.com.hr\/wp-content\/uploads\/2023\/07\/viber_slika_2023-07-07_14-55-01-453.jpg'><img loading=\"lazy\" decoding=\"async\" width=\"150\" height=\"150\" src=\"https:\/\/skolski-puls.com.hr\/wp-content\/uploads\/2023\/07\/viber_slika_2023-07-07_14-55-01-453-150x150.jpg\" class=\"attachment-thumbnail size-thumbnail\" alt=\"\" \/><\/a>\n\t\t\t<\/div><\/figure><figure class='gallery-item'>\n\t\t\t<div class='gallery-icon landscape'>\n\t\t\t\t<a href='https:\/\/skolski-puls.com.hr\/wp-content\/uploads\/2023\/07\/viber_slika_2023-07-07_14-55-01-650.jpg'><img loading=\"lazy\" decoding=\"async\" width=\"150\" height=\"150\" src=\"https:\/\/skolski-puls.com.hr\/wp-content\/uploads\/2023\/07\/viber_slika_2023-07-07_14-55-01-650-150x150.jpg\" class=\"attachment-thumbnail size-thumbnail\" alt=\"\" \/><\/a>\n\t\t\t<\/div><\/figure><figure class='gallery-item'>\n\t\t\t<div class='gallery-icon landscape'>\n\t\t\t\t<a href='https:\/\/skolski-puls.com.hr\/wp-content\/uploads\/2023\/07\/viber_slika_2023-07-07_14-55-01-782.jpg'><img loading=\"lazy\" decoding=\"async\" width=\"150\" height=\"150\" src=\"https:\/\/skolski-puls.com.hr\/wp-content\/uploads\/2023\/07\/viber_slika_2023-07-07_14-55-01-782-150x150.jpg\" class=\"attachment-thumbnail size-thumbnail\" alt=\"\" \/><\/a>\n\t\t\t<\/div><\/figure><figure class='gallery-item'>\n\t\t\t<div class='gallery-icon landscape'>\n\t\t\t\t<a href='https:\/\/skolski-puls.com.hr\/wp-content\/uploads\/2023\/07\/viber_slika_2023-07-07_14-55-01-960.jpg'><img loading=\"lazy\" decoding=\"async\" width=\"150\" height=\"150\" src=\"https:\/\/skolski-puls.com.hr\/wp-content\/uploads\/2023\/07\/viber_slika_2023-07-07_14-55-01-960-150x150.jpg\" class=\"attachment-thumbnail size-thumbnail\" alt=\"\" \/><\/a>\n\t\t\t<\/div><\/figure><figure class='gallery-item'>\n\t\t\t<div class='gallery-icon landscape'>\n\t\t\t\t<a href='https:\/\/skolski-puls.com.hr\/wp-content\/uploads\/2023\/07\/viber_slika_2023-07-07_14-55-02-051.jpg'><img loading=\"lazy\" decoding=\"async\" width=\"150\" height=\"150\" src=\"https:\/\/skolski-puls.com.hr\/wp-content\/uploads\/2023\/07\/viber_slika_2023-07-07_14-55-02-051-150x150.jpg\" class=\"attachment-thumbnail size-thumbnail\" alt=\"\" \/><\/a>\n\t\t\t<\/div><\/figure><figure class='gallery-item'>\n\t\t\t<div class='gallery-icon landscape'>\n\t\t\t\t<a href='https:\/\/skolski-puls.com.hr\/wp-content\/uploads\/2023\/07\/viber_slika_2023-07-07_14-55-13-409.jpg'><img loading=\"lazy\" decoding=\"async\" width=\"150\" height=\"150\" src=\"https:\/\/skolski-puls.com.hr\/wp-content\/uploads\/2023\/07\/viber_slika_2023-07-07_14-55-13-409-150x150.jpg\" class=\"attachment-thumbnail size-thumbnail\" alt=\"\" \/><\/a>\n\t\t\t<\/div><\/figure><figure class='gallery-item'>\n\t\t\t<div class='gallery-icon landscape'>\n\t\t\t\t<a href='https:\/\/skolski-puls.com.hr\/wp-content\/uploads\/2023\/07\/viber_slika_2023-07-07_14-55-26-635.jpg'><img loading=\"lazy\" decoding=\"async\" width=\"150\" height=\"150\" src=\"https:\/\/skolski-puls.com.hr\/wp-content\/uploads\/2023\/07\/viber_slika_2023-07-07_14-55-26-635-150x150.jpg\" class=\"attachment-thumbnail size-thumbnail\" alt=\"\" \/><\/a>\n\t\t\t<\/div><\/figure><figure class='gallery-item'>\n\t\t\t<div class='gallery-icon landscape'>\n\t\t\t\t<a href='https:\/\/skolski-puls.com.hr\/wp-content\/uploads\/2023\/07\/viber_slika_2023-07-07_14-55-58-296.jpg'><img loading=\"lazy\" decoding=\"async\" width=\"150\" height=\"150\" src=\"https:\/\/skolski-puls.com.hr\/wp-content\/uploads\/2023\/07\/viber_slika_2023-07-07_14-55-58-296-150x150.jpg\" class=\"attachment-thumbnail size-thumbnail\" alt=\"\" \/><\/a>\n\t\t\t<\/div><\/figure>\n\t\t<\/div>\n\n<p>&nbsp;<\/p>\n","protected":false},"excerpt":{"rendered":"<p>Sve\u010danom podjelom svjedod\u017ebi generacija osmih razreda 2022. \/ 2023. oprostila se od svojeg osnovno\u0161kolskog obrazovanja. U\u010denicima je na uspje\u0161nom zavr\u0161etku \u010destitala ravnateljica dr.sc. Jasmina Posavec, razrednice Dijana Ga\u0161parac, Martina Kne\u017ei\u0107 i razrednik Nenad \u0160kerbi\u0107,\u00a0u\u010diteljice razredne nastave Gordana Foder, Jasminka Jal\u0161i\u0107 te Marija Ili\u0107 &#8211; Konji\u0107 te ostali \u010dlanovi razrednih vije\u0107a. Puno uspjeha u daljnjem \u017eivotu [&hellip;]<\/p>\n","protected":false},"author":2,"featured_media":6308,"comment_status":"open","ping_status":"open","sticky":false,"template":"","format":"standard","meta":{"footnotes":""},"categories":[14],"tags":[],"class_list":["post-6295","post","type-post","status-publish","format-standard","has-post-thumbnail","hentry","category-iz-skolskog-hodnika"],"_links":{"self":[{"href":"https:\/\/skolski-puls.com.hr\/index.php?rest_route=\/wp\/v2\/posts\/6295","targetHints":{"allow":["GET"]}}],"collection":[{"href":"https:\/\/skolski-puls.com.hr\/index.php?rest_route=\/wp\/v2\/posts"}],"about":[{"href":"https:\/\/skolski-puls.com.hr\/index.php?rest_route=\/wp\/v2\/types\/post"}],"author":[{"embeddable":true,"href":"https:\/\/skolski-puls.com.hr\/index.php?rest_route=\/wp\/v2\/users\/2"}],"replies":[{"embeddable":true,"href":"https:\/\/skolski-puls.com.hr\/index.php?rest_route=%2Fwp%2Fv2%2Fcomments&post=6295"}],"version-history":[{"count":3,"href":"https:\/\/skolski-puls.com.hr\/index.php?rest_route=\/wp\/v2\/posts\/6295\/revisions"}],"predecessor-version":[{"id":6310,"href":"https:\/\/skolski-puls.com.hr\/index.php?rest_route=\/wp\/v2\/posts\/6295\/revisions\/6310"}],"wp:featuredmedia":[{"embeddable":true,"href":"https:\/\/skolski-puls.com.hr\/index.php?rest_route=\/wp\/v2\/media\/6308"}],"wp:attachment":[{"href":"https:\/\/skolski-puls.com.hr\/index.php?rest_route=%2Fwp%2Fv2%2Fmedia&parent=6295"}],"wp:term":[{"taxonomy":"category","embeddable":true,"href":"https:\/\/skolski-puls.com.hr\/index.php?rest_route=%2Fwp%2Fv2%2Fcategories&post=6295"},{"taxonomy":"post_tag","embeddable":true,"href":"https:\/\/skolski-puls.com.hr\/index.php?rest_route=%2Fwp%2Fv2%2Ftags&post=6295"}],"curies":[{"name":"wp","href":"https:\/\/api.w.org\/{rel}","templated":true}]}}