{"id":6312,"date":"2023-09-04T10:47:10","date_gmt":"2023-09-04T10:47:10","guid":{"rendered":"https:\/\/skolski-puls.com.hr\/?p=6312"},"modified":"2023-09-04T10:47:10","modified_gmt":"2023-09-04T10:47:10","slug":"cetvrta-veselo-docekala-novu-generaciju-ucenika","status":"publish","type":"post","link":"https:\/\/skolski-puls.com.hr\/?p=6312","title":{"rendered":"\u010cetvrta veselo do\u010dekala novu generaciju u\u010denika"},"content":{"rendered":"<p>Prvi dan nastave u \u0161kolskoj godini 2023.\/2024. u IV. osnovnoj \u0161koli Vara\u017edin zapo\u010deo je kako i prili\u010di &#8211; veselo, uz pjesmu i \u017eamor djece.<\/p>\n<p>\u0160kola je \u0161irom otvorila vrata za stare i nove u\u010denike. Na klupama su ih do\u010dekali ud\u017ebenici i materijali, a za katedrom u\u010diteljice i u\u010ditelji.<\/p>\n<p>Posebno je uzbu\u0111enje vladalo me\u0111u u\u010denicima i u\u010diteljicama prvih razreda. Naravno, uzbu\u0111eni su bili i ponosni roditelji. <strong>1. a<\/strong> do\u010dekala je u\u010diteljica <strong>Marija Ili\u0107 Konji\u0107<\/strong>, <strong>1.b<\/strong> u\u010diteljica <strong>Jasminka Jal\u0161i\u0107<\/strong>, a <strong>1.c<\/strong> u\u010diteljica <strong>Gordana Foder<\/strong>. Prva\u0161i\u0107ima su dan uljep\u0161ali u\u010denici petih razreda koji su svojim biv\u0161im u\u010diteljicama pomogli da nove u\u010denike do\u010dekaju prigodnim programom. Pozdravni je govor odr\u017eala v.d. ravnateljice <strong>Snje\u017eana \u0160itum. <\/strong>\u00a0Nakon \u0161to su u\u010denici oti\u0161li u svoje u\u010dionice, roditeljima su se obratili psiholog <strong>Matej Fi\u0161ku\u0161<\/strong> i pedagoginja <strong>Margareta Maleti\u0107 <\/strong>koji su ih uputili u osnovno funkcioniranje \u0160kole.<\/p>\n<p>Zajedno kre\u0107emo u nove pobjede!<\/p>\n<div id='gallery-1' class='gallery galleryid-6312 gallery-columns-3 gallery-size-thumbnail'><figure class='gallery-item'>\n\t\t\t<div class='gallery-icon landscape'>\n\t\t\t\t<a href='https:\/\/skolski-puls.com.hr\/wp-content\/uploads\/2023\/09\/IMG_20230904_101011.jpg'><img loading=\"lazy\" decoding=\"async\" width=\"150\" height=\"150\" src=\"https:\/\/skolski-puls.com.hr\/wp-content\/uploads\/2023\/09\/IMG_20230904_101011-150x150.jpg\" class=\"attachment-thumbnail size-thumbnail\" alt=\"\" \/><\/a>\n\t\t\t<\/div><\/figure><figure class='gallery-item'>\n\t\t\t<div class='gallery-icon landscape'>\n\t\t\t\t<a href='https:\/\/skolski-puls.com.hr\/wp-content\/uploads\/2023\/09\/IMG_20230904_101118.jpg'><img loading=\"lazy\" decoding=\"async\" width=\"150\" height=\"150\" src=\"https:\/\/skolski-puls.com.hr\/wp-content\/uploads\/2023\/09\/IMG_20230904_101118-150x150.jpg\" class=\"attachment-thumbnail size-thumbnail\" alt=\"\" \/><\/a>\n\t\t\t<\/div><\/figure><figure class='gallery-item'>\n\t\t\t<div class='gallery-icon landscape'>\n\t\t\t\t<a href='https:\/\/skolski-puls.com.hr\/wp-content\/uploads\/2023\/09\/IMG_20230904_101209.jpg'><img loading=\"lazy\" decoding=\"async\" width=\"150\" height=\"150\" src=\"https:\/\/skolski-puls.com.hr\/wp-content\/uploads\/2023\/09\/IMG_20230904_101209-150x150.jpg\" class=\"attachment-thumbnail size-thumbnail\" alt=\"\" \/><\/a>\n\t\t\t<\/div><\/figure><figure class='gallery-item'>\n\t\t\t<div class='gallery-icon landscape'>\n\t\t\t\t<a href='https:\/\/skolski-puls.com.hr\/wp-content\/uploads\/2023\/09\/IMG_20230904_101436.jpg'><img loading=\"lazy\" decoding=\"async\" width=\"150\" height=\"150\" src=\"https:\/\/skolski-puls.com.hr\/wp-content\/uploads\/2023\/09\/IMG_20230904_101436-150x150.jpg\" class=\"attachment-thumbnail size-thumbnail\" alt=\"\" \/><\/a>\n\t\t\t<\/div><\/figure><figure class='gallery-item'>\n\t\t\t<div class='gallery-icon landscape'>\n\t\t\t\t<a href='https:\/\/skolski-puls.com.hr\/wp-content\/uploads\/2023\/09\/IMG_20230904_101743.jpg'><img loading=\"lazy\" decoding=\"async\" width=\"150\" height=\"150\" src=\"https:\/\/skolski-puls.com.hr\/wp-content\/uploads\/2023\/09\/IMG_20230904_101743-150x150.jpg\" class=\"attachment-thumbnail size-thumbnail\" alt=\"\" \/><\/a>\n\t\t\t<\/div><\/figure><figure class='gallery-item'>\n\t\t\t<div class='gallery-icon landscape'>\n\t\t\t\t<a href='https:\/\/skolski-puls.com.hr\/wp-content\/uploads\/2023\/09\/viber_slika_2023-09-04_10-15-45-706.jpg'><img loading=\"lazy\" decoding=\"async\" width=\"150\" height=\"150\" src=\"https:\/\/skolski-puls.com.hr\/wp-content\/uploads\/2023\/09\/viber_slika_2023-09-04_10-15-45-706-150x150.jpg\" class=\"attachment-thumbnail size-thumbnail\" alt=\"\" \/><\/a>\n\t\t\t<\/div><\/figure><figure class='gallery-item'>\n\t\t\t<div class='gallery-icon landscape'>\n\t\t\t\t<a href='https:\/\/skolski-puls.com.hr\/wp-content\/uploads\/2023\/09\/viber_slika_2023-09-04_10-15-45-990.jpg'><img loading=\"lazy\" decoding=\"async\" width=\"150\" height=\"150\" src=\"https:\/\/skolski-puls.com.hr\/wp-content\/uploads\/2023\/09\/viber_slika_2023-09-04_10-15-45-990-150x150.jpg\" class=\"attachment-thumbnail size-thumbnail\" alt=\"\" \/><\/a>\n\t\t\t<\/div><\/figure><figure class='gallery-item'>\n\t\t\t<div class='gallery-icon landscape'>\n\t\t\t\t<a href='https:\/\/skolski-puls.com.hr\/wp-content\/uploads\/2023\/09\/viber_slika_2023-09-04_10-15-45-744.jpg'><img loading=\"lazy\" decoding=\"async\" width=\"150\" height=\"150\" src=\"https:\/\/skolski-puls.com.hr\/wp-content\/uploads\/2023\/09\/viber_slika_2023-09-04_10-15-45-744-150x150.jpg\" class=\"attachment-thumbnail size-thumbnail\" alt=\"\" \/><\/a>\n\t\t\t<\/div><\/figure><figure class='gallery-item'>\n\t\t\t<div class='gallery-icon landscape'>\n\t\t\t\t<a href='https:\/\/skolski-puls.com.hr\/wp-content\/uploads\/2023\/09\/viber_slika_2023-09-04_10-15-45-498.jpg'><img loading=\"lazy\" decoding=\"async\" width=\"150\" height=\"150\" src=\"https:\/\/skolski-puls.com.hr\/wp-content\/uploads\/2023\/09\/viber_slika_2023-09-04_10-15-45-498-150x150.jpg\" class=\"attachment-thumbnail size-thumbnail\" alt=\"\" \/><\/a>\n\t\t\t<\/div><\/figure>\n\t\t<\/div>\n\n<p>&nbsp;<\/p>\n","protected":false},"excerpt":{"rendered":"<p>Prvi dan nastave u \u0161kolskoj godini 2023.\/2024. u IV. osnovnoj \u0161koli Vara\u017edin zapo\u010deo je kako i prili\u010di &#8211; veselo, uz pjesmu i \u017eamor djece. \u0160kola je \u0161irom otvorila vrata za stare i nove u\u010denike. Na klupama su ih do\u010dekali ud\u017ebenici i materijali, a za katedrom u\u010diteljice i u\u010ditelji. Posebno je uzbu\u0111enje vladalo me\u0111u u\u010denicima i [&hellip;]<\/p>\n","protected":false},"author":2,"featured_media":6321,"comment_status":"open","ping_status":"open","sticky":false,"template":"","format":"standard","meta":{"footnotes":""},"categories":[14],"tags":[],"class_list":["post-6312","post","type-post","status-publish","format-standard","has-post-thumbnail","hentry","category-iz-skolskog-hodnika"],"_links":{"self":[{"href":"https:\/\/skolski-puls.com.hr\/index.php?rest_route=\/wp\/v2\/posts\/6312","targetHints":{"allow":["GET"]}}],"collection":[{"href":"https:\/\/skolski-puls.com.hr\/index.php?rest_route=\/wp\/v2\/posts"}],"about":[{"href":"https:\/\/skolski-puls.com.hr\/index.php?rest_route=\/wp\/v2\/types\/post"}],"author":[{"embeddable":true,"href":"https:\/\/skolski-puls.com.hr\/index.php?rest_route=\/wp\/v2\/users\/2"}],"replies":[{"embeddable":true,"href":"https:\/\/skolski-puls.com.hr\/index.php?rest_route=%2Fwp%2Fv2%2Fcomments&post=6312"}],"version-history":[{"count":1,"href":"https:\/\/skolski-puls.com.hr\/index.php?rest_route=\/wp\/v2\/posts\/6312\/revisions"}],"predecessor-version":[{"id":6322,"href":"https:\/\/skolski-puls.com.hr\/index.php?rest_route=\/wp\/v2\/posts\/6312\/revisions\/6322"}],"wp:featuredmedia":[{"embeddable":true,"href":"https:\/\/skolski-puls.com.hr\/index.php?rest_route=\/wp\/v2\/media\/6321"}],"wp:attachment":[{"href":"https:\/\/skolski-puls.com.hr\/index.php?rest_route=%2Fwp%2Fv2%2Fmedia&parent=6312"}],"wp:term":[{"taxonomy":"category","embeddable":true,"href":"https:\/\/skolski-puls.com.hr\/index.php?rest_route=%2Fwp%2Fv2%2Fcategories&post=6312"},{"taxonomy":"post_tag","embeddable":true,"href":"https:\/\/skolski-puls.com.hr\/index.php?rest_route=%2Fwp%2Fv2%2Ftags&post=6312"}],"curies":[{"name":"wp","href":"https:\/\/api.w.org\/{rel}","templated":true}]}}