{"id":6347,"date":"2023-10-04T06:38:07","date_gmt":"2023-10-04T06:38:07","guid":{"rendered":"https:\/\/skolski-puls.com.hr\/?p=6347"},"modified":"2023-10-04T06:38:52","modified_gmt":"2023-10-04T06:38:52","slug":"cetvrta-obiljezila-europski-dan-jezika","status":"publish","type":"post","link":"https:\/\/skolski-puls.com.hr\/?p=6347","title":{"rendered":"Promocijom njema\u010dkog jezika obilje\u017een Europski dan jezika"},"content":{"rendered":"<h5 style=\"text-align: center;\"><em>Europski dan jezika<\/em><\/h5>\n<h5 class=\"white\"><em><strong>Poticanje na u\u010denje \u0161to vi\u0161e jezika, u svakoj \u017eivotnoj dobi, u \u0161koli i izvan nje<\/strong><\/em><\/h5>\n<p>Na Franjeva\u010dkom trgu obilje\u017een je i ove godine Europski dan jezika.<\/p>\n<h5 class=\"white\">Na inicijativu Vije\u0107a Europe, Europski dan jezika obilje\u017eava se<strong> 26. rujna s ciljem poticanja vi\u0161ejezi\u010dnosti.<\/strong><\/h5>\n<p>U Vara\u017edinu su ga obilje\u017eile \u0161kole s podru\u010dja grada i \u017eupanije. Projekt se odvija uz potporu udruge <strong>EKULT &#8211; Europski kulturni krug<\/strong> &#8211; udruge za popularizaciju njema\u010dkog jezika na podru\u010dju Hrvatske. Njema\u010dki je jezik u novije vrijeme pomalo u sjeni engleskog jezika te Udruga koristi priliku za promociju i poticanje na u\u010denje njema\u010dkog jezika.<\/p>\n<p>IV. osnovna \u0161kola Vara\u017edin imala je svoje predstavnike na Franjeva\u010dkom trgu.<br \/>\nU\u010denici <strong>4.b<\/strong> razreda <strong>IV. O\u0160 Vara\u017edin<\/strong> (<strong>Emanuel Kutnjak, Dina Patr\u010devi\u0107 i Lovro \u017dap\u010di\u0107)<\/strong> zajedno sa svojom u\u010diteljicom njema\u010dkog jezika <strong>Sarom<\/strong> <strong>Mlakar<\/strong> predstavili su Austriju te njezine simbole, a prolaznici su na \u0161tandu mogli testirati svoje znanje o Austriji.<\/p>\n<p><img loading=\"lazy\" decoding=\"async\" class=\"alignnone size-full wp-image-6348\" src=\"https:\/\/skolski-puls.com.hr\/wp-content\/uploads\/2023\/10\/viber_slika_2023-10-02_19-35-16-152.jpg\" alt=\"\" width=\"900\" height=\"1200\" srcset=\"https:\/\/skolski-puls.com.hr\/wp-content\/uploads\/2023\/10\/viber_slika_2023-10-02_19-35-16-152.jpg 900w, https:\/\/skolski-puls.com.hr\/wp-content\/uploads\/2023\/10\/viber_slika_2023-10-02_19-35-16-152-768x1024.jpg 768w, https:\/\/skolski-puls.com.hr\/wp-content\/uploads\/2023\/10\/viber_slika_2023-10-02_19-35-16-152-640x853.jpg 640w\" sizes=\"auto, (max-width: 900px) 100vw, 900px\" \/> <img loading=\"lazy\" decoding=\"async\" class=\"alignnone size-medium wp-image-6349\" src=\"https:\/\/skolski-puls.com.hr\/wp-content\/uploads\/2023\/10\/viber_slika_2023-09-30_22-19-46-321.jpg\" alt=\"\" width=\"1080\" height=\"720\" srcset=\"https:\/\/skolski-puls.com.hr\/wp-content\/uploads\/2023\/10\/viber_slika_2023-09-30_22-19-46-321.jpg 1080w, https:\/\/skolski-puls.com.hr\/wp-content\/uploads\/2023\/10\/viber_slika_2023-09-30_22-19-46-321-1024x683.jpg 1024w, https:\/\/skolski-puls.com.hr\/wp-content\/uploads\/2023\/10\/viber_slika_2023-09-30_22-19-46-321-768x512.jpg 768w, https:\/\/skolski-puls.com.hr\/wp-content\/uploads\/2023\/10\/viber_slika_2023-09-30_22-19-46-321-640x427.jpg 640w\" sizes=\"auto, (max-width: 1080px) 100vw, 1080px\" \/> <img loading=\"lazy\" decoding=\"async\" class=\"alignnone size-medium wp-image-6350\" src=\"https:\/\/skolski-puls.com.hr\/wp-content\/uploads\/2023\/10\/viber_slika_2023-09-30_22-19-46-280.jpg\" alt=\"\" width=\"1080\" height=\"872\" srcset=\"https:\/\/skolski-puls.com.hr\/wp-content\/uploads\/2023\/10\/viber_slika_2023-09-30_22-19-46-280.jpg 1080w, https:\/\/skolski-puls.com.hr\/wp-content\/uploads\/2023\/10\/viber_slika_2023-09-30_22-19-46-280-1024x827.jpg 1024w, https:\/\/skolski-puls.com.hr\/wp-content\/uploads\/2023\/10\/viber_slika_2023-09-30_22-19-46-280-768x620.jpg 768w, https:\/\/skolski-puls.com.hr\/wp-content\/uploads\/2023\/10\/viber_slika_2023-09-30_22-19-46-280-640x517.jpg 640w\" sizes=\"auto, (max-width: 1080px) 100vw, 1080px\" \/><\/p>\n","protected":false},"excerpt":{"rendered":"<p>Europski dan jezika Poticanje na u\u010denje \u0161to vi\u0161e jezika, u svakoj \u017eivotnoj dobi, u \u0161koli i izvan nje Na Franjeva\u010dkom trgu obilje\u017een je i ove godine Europski dan jezika. Na inicijativu Vije\u0107a Europe, Europski dan jezika obilje\u017eava se 26. rujna s ciljem poticanja vi\u0161ejezi\u010dnosti. U Vara\u017edinu su ga obilje\u017eile \u0161kole s podru\u010dja grada i \u017eupanije. [&hellip;]<\/p>\n","protected":false},"author":2,"featured_media":6350,"comment_status":"open","ping_status":"open","sticky":false,"template":"","format":"standard","meta":{"footnotes":""},"categories":[15],"tags":[],"class_list":["post-6347","post","type-post","status-publish","format-standard","has-post-thumbnail","hentry","category-projekti"],"_links":{"self":[{"href":"https:\/\/skolski-puls.com.hr\/index.php?rest_route=\/wp\/v2\/posts\/6347","targetHints":{"allow":["GET"]}}],"collection":[{"href":"https:\/\/skolski-puls.com.hr\/index.php?rest_route=\/wp\/v2\/posts"}],"about":[{"href":"https:\/\/skolski-puls.com.hr\/index.php?rest_route=\/wp\/v2\/types\/post"}],"author":[{"embeddable":true,"href":"https:\/\/skolski-puls.com.hr\/index.php?rest_route=\/wp\/v2\/users\/2"}],"replies":[{"embeddable":true,"href":"https:\/\/skolski-puls.com.hr\/index.php?rest_route=%2Fwp%2Fv2%2Fcomments&post=6347"}],"version-history":[{"count":2,"href":"https:\/\/skolski-puls.com.hr\/index.php?rest_route=\/wp\/v2\/posts\/6347\/revisions"}],"predecessor-version":[{"id":6352,"href":"https:\/\/skolski-puls.com.hr\/index.php?rest_route=\/wp\/v2\/posts\/6347\/revisions\/6352"}],"wp:featuredmedia":[{"embeddable":true,"href":"https:\/\/skolski-puls.com.hr\/index.php?rest_route=\/wp\/v2\/media\/6350"}],"wp:attachment":[{"href":"https:\/\/skolski-puls.com.hr\/index.php?rest_route=%2Fwp%2Fv2%2Fmedia&parent=6347"}],"wp:term":[{"taxonomy":"category","embeddable":true,"href":"https:\/\/skolski-puls.com.hr\/index.php?rest_route=%2Fwp%2Fv2%2Fcategories&post=6347"},{"taxonomy":"post_tag","embeddable":true,"href":"https:\/\/skolski-puls.com.hr\/index.php?rest_route=%2Fwp%2Fv2%2Ftags&post=6347"}],"curies":[{"name":"wp","href":"https:\/\/api.w.org\/{rel}","templated":true}]}}