{"id":6353,"date":"2023-10-04T06:55:10","date_gmt":"2023-10-04T06:55:10","guid":{"rendered":"https:\/\/skolski-puls.com.hr\/?p=6353"},"modified":"2023-10-04T07:53:35","modified_gmt":"2023-10-04T07:53:35","slug":"the-well-welcoming-environment-for-leading-and-learning-cetvrta-domacin-trece-mobilnosti","status":"publish","type":"post","link":"https:\/\/skolski-puls.com.hr\/?p=6353","title":{"rendered":"\u201eTHE WELL-Welcoming Environment for Leading and Learning\u201c &#8211; \u010cetvrta doma\u0107in tre\u0107e mobilnosti"},"content":{"rendered":"<div>\n<div class=\"\" dir=\"auto\">\n<div id=\":r70:\" class=\"x1iorvi4 x1pi30zi x1l90r2v x1swvt13\" data-ad-comet-preview=\"message\" data-ad-preview=\"message\">\n<div class=\"x78zum5 xdt5ytf xz62fqu x16ldp7u\">\n<div class=\"xu06os2 x1ok221b\">\n<div class=\"xdj266r x11i5rnm xat24cr x1mh8g0r x1vvkbs x126k92a\">\n<div dir=\"auto\" style=\"text-align: center;\"><em>U\u010ditelji iz Irske, Rumunjske, Portugala i \u010ce\u0161ke u IV. O\u0160 Vara\u017edin<\/em><\/div>\n<div dir=\"auto\"><\/div>\n<div dir=\"auto\">\u00a0IV.O\u0160 Vara\u017edin doma\u0107in je tre\u0107e mobilnosti\u00a0 Erasmus projekta \u201eTHE WELL-Welcoming Environment for Leading and Learning\u201c te su \u0161kolu posjetili u\u010ditelji iz Irske, Rumunjske, Portugala i \u010ce\u0161ke.<\/div>\n<div dir=\"auto\">U\u010denici su pjesmom \u201eWe all need more kindness\u201c do\u010dekali na\u0161e goste koji nisu skrivali svoje odu\u0161evljenje dje\u010djom izvedbom. U\u010denike su uvje\u017ebale u\u010diteljice\u00a0<strong>Ga\u0161parac i Fruk,\u00a0<\/strong>a na gitari su ih pratili u\u010denik J<strong>akov \u010cikan<\/strong> i u\u010ditelj<strong> Juranko.<\/strong><\/div>\n<div dir=\"auto\">Pozdravni govor odr\u017eala je ravnateljica <strong>Snje\u017eana \u0160itum<\/strong> u prostorima \u0161kolske knji\u017enice.<\/div>\n<div dir=\"auto\">Svi sudionici projekta do\u010dekani su s poklonom dobrodo\u0161lice koji je osmislila u\u010diteljica Likovne kulture <strong>Maja \u0110akmanec Loborec<\/strong>.<\/div>\n<div dir=\"auto\">U\u010denici 8.b razreda, <strong>Mia Kozjak i Janko Klape\u017e<\/strong>, uz mentortvo u\u010diteljice <strong>\u0160piranec<\/strong>, predstavili su hrvatski obrazovni sustav uz zanimljivu prezentaciju, a knji\u017eni\u010darka <strong>Marina Mavrek<\/strong> je pripremila video pod nazivom \u201eNa\u0161a \u0161kola u 70 rije\u010di\u201c.<\/div>\n<div dir=\"auto\">U\u010denici 7. a razreda, <strong>Nik\u0161a Vaupoti\u0107, Petar Kudeli\u0107, Vita Erent i Helena Mlinari\u0107,<\/strong> bili su izvrsni vodi\u010di na\u0161im gostima. U 60 minuta upoznali su na\u0161e goste s prostorima \u0161kole, odveli ih na neke nastavne satove te odgovorili na brojna pitanja posjetitelja.<\/div>\n<div dir=\"auto\">U isto vrijeme odr\u017eavala se radionica tradicionalnog plesa koju su vodile u\u010diteljice <strong>Mlakar<\/strong>\u00a0 kao mentorica plesa te u\u010diteljica<strong> Kne\u017ei\u0107<\/strong> kao pratnja na harmonici.<\/div>\n<div dir=\"auto\">Nakon aktivnosti u \u0160koli, u pratnji u\u010diteljica <strong>Foder<\/strong> i <strong>Kranj\u010di\u0107<\/strong> gosti su od\u0161etali do Vara\u017edinskog groblja gdje ih je u\u010diteljica <strong>Foder <\/strong>upoznala s povijesnom vrijedno\u0161\u0107u i obilje\u017ejima groblja. Kasnije su uz turisti\u010dkog vodi\u010da <strong>Daria \u010cami\u0107a<\/strong> upoznali na\u0161 prelijepi grad.<\/div>\n<div dir=\"auto\">Ponosni smo na na\u0161e u\u010denike koji su sudjelovali u dana\u0161njim aktivnostima, ostavili izvrstan dojam na na\u0161e goste. Ponosni smo na u\u010ditelje IV.O\u0160 koji pokazuju kreativnost, kvalitetu i odgovornost u svom radu. \u010cekaju nas jo\u0161 dva uzbudljiva dana s na\u0161im gostima.<\/div>\n<\/div>\n<\/div>\n<\/div>\n<\/div>\n<\/div>\n<\/div>\n<div dir=\"auto\"><\/div>\n<div dir=\"auto\"><\/div>\n<div>\n<div class=\"\" dir=\"auto\">\n<div id=\":r70:\" class=\"x1iorvi4 x1pi30zi x1l90r2v x1swvt13\" data-ad-comet-preview=\"message\" data-ad-preview=\"message\">\n<div class=\"x78zum5 xdt5ytf xz62fqu x16ldp7u\">\n<div class=\"xu06os2 x1ok221b\">\n<div class=\"x11i5rnm xat24cr x1mh8g0r x1vvkbs xtlvy1s x126k92a\">\n<div dir=\"auto\">Koordinatorice projekta: <strong>Sofija Fruk, Marina Mavrek, Ga\u0161parac Dijana<\/strong><\/div>\n<\/div>\n<\/div>\n<\/div>\n<\/div>\n<\/div>\n<div id=\":r71:\" class=\"x1n2onr6\">\n<div class=\"x1n2onr6\">\n<div class=\"x1n2onr6\">\n<div class=\"x1n2onr6\">\n<div class=\"x6ikm8r x10wlt62 x10l6tqk\">\n<div class=\"x6ikm8r x10wlt62\">\n<div class=\"xqtp20y x6ikm8r x10wlt62 x1n2onr6\">\n<div class=\"x10l6tqk x13vifvy\"><img decoding=\"async\" class=\"x1ey2m1c xds687c x5yr21d x10l6tqk x17qophe x13vifvy xh8yej3\" src=\"https:\/\/scontent-vie1-1.xx.fbcdn.net\/v\/t39.30808-6\/386252324_788629793273240_3822456333946851824_n.jpg?stp=dst-jpg_s600x600&amp;_nc_cat=103&amp;ccb=1-7&amp;_nc_sid=49d041&amp;_nc_ohc=pwTEad2On0AAX9VJ31E&amp;_nc_ht=scontent-vie1-1.xx&amp;oh=00_AfAPuHONvQ5wxprA_0iWDCENYCemBy3sSD543acNuFoIkw&amp;oe=65217008\" alt=\"\" \/><\/div>\n<\/div>\n<div class=\"xua58t2 xzg4506 x1ey2m1c x9f619 xds687c x47corl x10l6tqk x17qophe x13vifvy\"><\/div>\n<\/div>\n<div class=\"x1o1ewxj x3x9cwd x1e5q0jg x13rtm0m x1ey2m1c xds687c xg01cxk x47corl x10l6tqk x17qophe x13vifvy x1ebt8du x19991ni x1dhq9h\" data-visualcompletion=\"ignore\"><\/div>\n<\/div>\n<div class=\"x6ikm8r x10wlt62 x10l6tqk\">\n<div class=\"x6ikm8r x10wlt62\">\n<div class=\"xqtp20y x6ikm8r x10wlt62 x1n2onr6\">\n<div class=\"x10l6tqk x13vifvy\"><\/div>\n<\/div>\n<div class=\"xua58t2 xzg4506 x1ey2m1c x9f619 xds687c x47corl x10l6tqk x17qophe x13vifvy\"><\/div>\n<\/div>\n<div class=\"x1o1ewxj x3x9cwd x1e5q0jg x13rtm0m x1ey2m1c xds687c xg01cxk x47corl x10l6tqk x17qophe x13vifvy x1ebt8du x19991ni x1dhq9h\" data-visualcompletion=\"ignore\"><\/div>\n<\/div>\n<div class=\"x6ikm8r x10wlt62 x10l6tqk\">\n<div class=\"x6ikm8r x10wlt62\">\n<div class=\"xqtp20y x6ikm8r x10wlt62 x1n2onr6\">\n<div class=\"x10l6tqk x13vifvy\"><img decoding=\"async\" class=\"x1ey2m1c xds687c x5yr21d x10l6tqk x17qophe x13vifvy xh8yej3\" src=\"https:\/\/scontent-vie1-1.xx.fbcdn.net\/v\/t39.30808-6\/386225959_788631143273105_8418874998516677236_n.jpg?stp=dst-jpg_s600x600&amp;_nc_cat=102&amp;ccb=1-7&amp;_nc_sid=49d041&amp;_nc_ohc=6EMt4_dAPwwAX94pNPf&amp;_nc_ht=scontent-vie1-1.xx&amp;oh=00_AfCAi60MChNEe3SdCnSRnaz6xb6Xh1Rvwivpj7YIucRCCw&amp;oe=65214503\" alt=\"\" \/><\/div>\n<\/div>\n<div class=\"xua58t2 xzg4506 x1ey2m1c x9f619 xds687c x47corl x10l6tqk x17qophe x13vifvy\"><\/div>\n<\/div>\n<div class=\"x1o1ewxj x3x9cwd x1e5q0jg x13rtm0m x1ey2m1c xds687c xg01cxk x47corl x10l6tqk x17qophe x13vifvy x1ebt8du x19991ni x1dhq9h\" data-visualcompletion=\"ignore\"><\/div>\n<\/div>\n<div class=\"x6ikm8r x10wlt62 x10l6tqk\">\n<div class=\"x6ikm8r x10wlt62\">\n<div class=\"xqtp20y x6ikm8r x10wlt62 x1n2onr6\">\n<div class=\"x10l6tqk x13vifvy\"><img decoding=\"async\" class=\"x1ey2m1c xds687c x5yr21d x10l6tqk x17qophe x13vifvy xh8yej3\" src=\"https:\/\/scontent-vie1-1.xx.fbcdn.net\/v\/t39.30808-6\/386253534_788631139939772_3624073917624159220_n.jpg?stp=dst-jpg_s600x600&amp;_nc_cat=107&amp;ccb=1-7&amp;_nc_sid=49d041&amp;_nc_ohc=T_nf2ZKs5DoAX9ubP-q&amp;_nc_ht=scontent-vie1-1.xx&amp;oh=00_AfCrTlWIq0d9cVibCD3TudQeY8brkGrW1z5MM3bKuN3BNw&amp;oe=65213937\" alt=\"\" \/><\/div>\n<\/div>\n<div class=\"xua58t2 xzg4506 x1ey2m1c x9f619 xds687c x47corl x10l6tqk x17qophe x13vifvy\"><\/div>\n<\/div>\n<\/div>\n<\/div>\n<\/div>\n<\/div>\n<\/div>\n<\/div>\n<div>\n<div class=\"x168nmei x13lgxp2 x30kzoy x9jhf4c x6ikm8r x10wlt62\" data-visualcompletion=\"ignore-dynamic\">\n<div>\n<div>\n<div>\n<div class=\"x1n2onr6\">\n<div class=\"x6s0dn4 xi81zsa x78zum5 x6prxxf x13a6bvl xvq8zen xdj266r xktsk01 xat24cr x1d52u69 x889kno x4uap5 x1a8lsjc xkhd6sd xdppsyt\">\n<div class=\"x9f619 x1n2onr6 x1ja2u2z x78zum5 x2lah0s x1qughib x1qjc9v5 xozqiw3 x1q0g3np xykv574 xbmpl8g x4cne27 xifccgj\"><\/div>\n<\/div>\n<\/div>\n<\/div>\n<\/div>\n<\/div>\n<\/div>\n<\/div>\n","protected":false},"excerpt":{"rendered":"<p>U\u010ditelji iz Irske, Rumunjske, Portugala i \u010ce\u0161ke u IV. O\u0160 Vara\u017edin \u00a0IV.O\u0160 Vara\u017edin doma\u0107in je tre\u0107e mobilnosti\u00a0 Erasmus projekta \u201eTHE WELL-Welcoming Environment for Leading and Learning\u201c te su \u0161kolu posjetili u\u010ditelji iz Irske, Rumunjske, Portugala i \u010ce\u0161ke. U\u010denici su pjesmom \u201eWe all need more kindness\u201c do\u010dekali na\u0161e goste koji nisu skrivali svoje odu\u0161evljenje dje\u010djom izvedbom. [&hellip;]<\/p>\n","protected":false},"author":2,"featured_media":6354,"comment_status":"open","ping_status":"open","sticky":false,"template":"","format":"standard","meta":{"footnotes":""},"categories":[15],"tags":[],"class_list":["post-6353","post","type-post","status-publish","format-standard","has-post-thumbnail","hentry","category-projekti"],"_links":{"self":[{"href":"https:\/\/skolski-puls.com.hr\/index.php?rest_route=\/wp\/v2\/posts\/6353","targetHints":{"allow":["GET"]}}],"collection":[{"href":"https:\/\/skolski-puls.com.hr\/index.php?rest_route=\/wp\/v2\/posts"}],"about":[{"href":"https:\/\/skolski-puls.com.hr\/index.php?rest_route=\/wp\/v2\/types\/post"}],"author":[{"embeddable":true,"href":"https:\/\/skolski-puls.com.hr\/index.php?rest_route=\/wp\/v2\/users\/2"}],"replies":[{"embeddable":true,"href":"https:\/\/skolski-puls.com.hr\/index.php?rest_route=%2Fwp%2Fv2%2Fcomments&post=6353"}],"version-history":[{"count":4,"href":"https:\/\/skolski-puls.com.hr\/index.php?rest_route=\/wp\/v2\/posts\/6353\/revisions"}],"predecessor-version":[{"id":6358,"href":"https:\/\/skolski-puls.com.hr\/index.php?rest_route=\/wp\/v2\/posts\/6353\/revisions\/6358"}],"wp:featuredmedia":[{"embeddable":true,"href":"https:\/\/skolski-puls.com.hr\/index.php?rest_route=\/wp\/v2\/media\/6354"}],"wp:attachment":[{"href":"https:\/\/skolski-puls.com.hr\/index.php?rest_route=%2Fwp%2Fv2%2Fmedia&parent=6353"}],"wp:term":[{"taxonomy":"category","embeddable":true,"href":"https:\/\/skolski-puls.com.hr\/index.php?rest_route=%2Fwp%2Fv2%2Fcategories&post=6353"},{"taxonomy":"post_tag","embeddable":true,"href":"https:\/\/skolski-puls.com.hr\/index.php?rest_route=%2Fwp%2Fv2%2Ftags&post=6353"}],"curies":[{"name":"wp","href":"https:\/\/api.w.org\/{rel}","templated":true}]}}