{"id":6359,"date":"2023-10-06T07:24:45","date_gmt":"2023-10-06T07:24:45","guid":{"rendered":"https:\/\/skolski-puls.com.hr\/?p=6359"},"modified":"2023-10-06T07:24:45","modified_gmt":"2023-10-06T07:24:45","slug":"the-well-welcoming-environment-for-leading-and-learning-u-iv-os-varazdin","status":"publish","type":"post","link":"https:\/\/skolski-puls.com.hr\/?p=6359","title":{"rendered":"\u201eTHE WELL- Welcoming Environment for Leading and Learning\u201c u IV. O\u0160 Vara\u017edin"},"content":{"rendered":"<p><span class=\"ui-provider ed bbh bbi bbj bbk bbl bbm bbn bbo bbp bbq bbr bbs bbt bbu bbv bbw bbx bby bbz bca bcb bcc bcd bce bcf bcg bch bci bcj bck bcl bcm bcn bco\" dir=\"ltr\">Na\u0161a IV. osnovna \u0161kola ovaj tjedan je doma\u0107in me\u0111unarodnog projekta Erasmus pod nazivom<strong> \u201eTHE WELL- Welcoming Environment for Leading and Learning\u201c<\/strong>.<br \/>\nOsim Hrvatske u Projektu sudjeluju i u\u010ditelji i u\u010diteljice iz Portugala, Irske, Rumunjske i \u010ce\u0161ke.<br \/>\nU utorak ujutro u holu na\u0161e \u0161kole zbor sastavljen od u\u010denika i u\u010denica iz nekoliko razreda na\u0161e \u0161kole s pjesmom \u201eWe all need more kindness\u201c za\u017eelio je dobrodo\u0161licu na\u0161im gostima. Svi su bili veseli i dobro raspolo\u017eeni, a prigodni pokloni i razdragana dje\u010dja lica potaknula su dodatno odu\u0161evljenje kod na\u0161ih posjetitelja.<br \/>\nU \u0161kolskoj knji\u017enici pozdravni govor na\u0161im gostima (ukupno 42) odr\u017eala je na\u0161a nova ravnateljica <strong>Snje\u017eana \u0160itum<\/strong>. Na istom mjestu odr\u017eala se prezentacija o obrazovnom sustavu u Republici Hrvatskoj. Prezentaciju na engleskom jeziku pripremili su u\u010denici 8.b razreda<strong> Mia Kozjak i Janko Klape\u017e<\/strong> uz pomo\u0107 u\u010diteljice <strong>Silvije \u0160piranec<\/strong>. Nakon toga na\u0161a knji\u017eni\u010darka <strong>Marina Mavrek<\/strong> predstavila je na\u0161u \u0161kolu zanimljivim videom \u00a0pod nazivom \u201eNa\u0161a \u0161kola u 70 rije\u010di\u201c.<br \/>\nU\u010denici 7.a razreda <strong>Vita Erent, Petar Kudeli\u0107, Helena Mlinari\u0107 i Nik\u0161a Vaupoti\u0107<\/strong> bili su zadu\u017eeni za upoznavanje na\u0161ih posjetitelja s prostorijama \u0161kole. Osim razgledavanja \u0161kole u\u010ditelji i u\u010diteljice imali su priliku u\u0107i u na\u0161e razrede te upoznati se s na\u010dinom izvo\u0111enja nastave.<br \/>\nVeselo i razigrano bilo je na glazbenoj radionici koju su osmislile i vodile na\u0161e u\u010diteljice <strong>Sara Mlakar i Martina Kne\u017ei\u0107<\/strong>. Na radionici su se izvodili \u00a0hrvatski tradicionalni plesovi.<br \/>\nDrugi dio dana bio je rezerviran za posjet Vara\u017edinskom gradskom groblju, najpoznatijem groblju u ovom dijelu Europe. Obilazak je realiziran uz pratnju na\u0161ih u\u010ditelja <strong>Gordane Foder i Andreje Kranj\u010di\u0107.<\/strong><br \/>\nNakon \u0161etnji bijelim stazama na\u0161eg groblja okru\u017eenog prekrasnim zelenilom i cvije\u0107em, na\u0161i gosti uputili su se prema centru gradu gdje su se u pratnji turisti\u010dkog vodi\u010da upoznali s vara\u017edinskim kulturnim znamenitostima.<\/p>\n<p>Ida Vida\u010dek<\/span><\/p>\n","protected":false},"excerpt":{"rendered":"<p>Na\u0161a IV. osnovna \u0161kola ovaj tjedan je doma\u0107in me\u0111unarodnog projekta Erasmus pod nazivom \u201eTHE WELL- Welcoming Environment for Leading and Learning\u201c. Osim Hrvatske u Projektu sudjeluju i u\u010ditelji i u\u010diteljice iz Portugala, Irske, Rumunjske i \u010ce\u0161ke. U utorak ujutro u holu na\u0161e \u0161kole zbor sastavljen od u\u010denika i u\u010denica iz nekoliko razreda na\u0161e \u0161kole s [&hellip;]<\/p>\n","protected":false},"author":2,"featured_media":6360,"comment_status":"open","ping_status":"open","sticky":false,"template":"","format":"standard","meta":{"footnotes":""},"categories":[15],"tags":[],"class_list":["post-6359","post","type-post","status-publish","format-standard","has-post-thumbnail","hentry","category-projekti"],"_links":{"self":[{"href":"https:\/\/skolski-puls.com.hr\/index.php?rest_route=\/wp\/v2\/posts\/6359","targetHints":{"allow":["GET"]}}],"collection":[{"href":"https:\/\/skolski-puls.com.hr\/index.php?rest_route=\/wp\/v2\/posts"}],"about":[{"href":"https:\/\/skolski-puls.com.hr\/index.php?rest_route=\/wp\/v2\/types\/post"}],"author":[{"embeddable":true,"href":"https:\/\/skolski-puls.com.hr\/index.php?rest_route=\/wp\/v2\/users\/2"}],"replies":[{"embeddable":true,"href":"https:\/\/skolski-puls.com.hr\/index.php?rest_route=%2Fwp%2Fv2%2Fcomments&post=6359"}],"version-history":[{"count":1,"href":"https:\/\/skolski-puls.com.hr\/index.php?rest_route=\/wp\/v2\/posts\/6359\/revisions"}],"predecessor-version":[{"id":6361,"href":"https:\/\/skolski-puls.com.hr\/index.php?rest_route=\/wp\/v2\/posts\/6359\/revisions\/6361"}],"wp:featuredmedia":[{"embeddable":true,"href":"https:\/\/skolski-puls.com.hr\/index.php?rest_route=\/wp\/v2\/media\/6360"}],"wp:attachment":[{"href":"https:\/\/skolski-puls.com.hr\/index.php?rest_route=%2Fwp%2Fv2%2Fmedia&parent=6359"}],"wp:term":[{"taxonomy":"category","embeddable":true,"href":"https:\/\/skolski-puls.com.hr\/index.php?rest_route=%2Fwp%2Fv2%2Fcategories&post=6359"},{"taxonomy":"post_tag","embeddable":true,"href":"https:\/\/skolski-puls.com.hr\/index.php?rest_route=%2Fwp%2Fv2%2Ftags&post=6359"}],"curies":[{"name":"wp","href":"https:\/\/api.w.org\/{rel}","templated":true}]}}