{"id":6388,"date":"2023-10-25T06:16:43","date_gmt":"2023-10-25T06:16:43","guid":{"rendered":"https:\/\/skolski-puls.com.hr\/?p=6388"},"modified":"2023-10-25T06:16:43","modified_gmt":"2023-10-25T06:16:43","slug":"kosarkasice-cetvrte-osvojile-drugo-mjesto-u-natjecanju-gradskih-skola","status":"publish","type":"post","link":"https:\/\/skolski-puls.com.hr\/?p=6388","title":{"rendered":"Ko\u0161arka\u0161ice \u010cetvrte osvojile drugo mjesto u natjecanju gradskih \u0161kola"},"content":{"rendered":"<p>\u201eGradsko prvenstvo osnovnih \u0161kola u ko\u0161arci\u201c\u00a0 odr\u017eano je 24. listopada 2023. godine u dvorani II. O\u0160 Vara\u017edin. U\u010denice IV. O\u0160 Vara\u017edin sudjelovale su na natjecanju te osvojile visoko 2. mjesto!<\/p>\n<p>Ekipa \u0161kole nastupila je u sastavu : <strong>Lena Kolenko, Antonija Kal\u010dev, Gabrijela Vincek, Leona Vincek, Sara Margeti\u0107, Jelena Zrni\u0107, Mia Kozjak, Lana Adla\u0161i\u0107 i Lara Vidi\u0107<\/strong>.<\/p>\n<p>\u010cestitamo ko\u0161arka\u0161icama na postignutom uspjehu!<\/p>\n<p>&nbsp;<\/p>\n","protected":false},"excerpt":{"rendered":"<p>\u201eGradsko prvenstvo osnovnih \u0161kola u ko\u0161arci\u201c\u00a0 odr\u017eano je 24. listopada 2023. godine u dvorani II. O\u0160 Vara\u017edin. U\u010denice IV. O\u0160 Vara\u017edin sudjelovale su na natjecanju te osvojile visoko 2. mjesto! Ekipa \u0161kole nastupila je u sastavu : Lena Kolenko, Antonija Kal\u010dev, Gabrijela Vincek, Leona Vincek, Sara Margeti\u0107, Jelena Zrni\u0107, Mia Kozjak, Lana Adla\u0161i\u0107 i Lara [&hellip;]<\/p>\n","protected":false},"author":2,"featured_media":6389,"comment_status":"open","ping_status":"open","sticky":false,"template":"","format":"standard","meta":{"footnotes":""},"categories":[10],"tags":[],"class_list":["post-6388","post","type-post","status-publish","format-standard","has-post-thumbnail","hentry","category-vijesti"],"_links":{"self":[{"href":"https:\/\/skolski-puls.com.hr\/index.php?rest_route=\/wp\/v2\/posts\/6388","targetHints":{"allow":["GET"]}}],"collection":[{"href":"https:\/\/skolski-puls.com.hr\/index.php?rest_route=\/wp\/v2\/posts"}],"about":[{"href":"https:\/\/skolski-puls.com.hr\/index.php?rest_route=\/wp\/v2\/types\/post"}],"author":[{"embeddable":true,"href":"https:\/\/skolski-puls.com.hr\/index.php?rest_route=\/wp\/v2\/users\/2"}],"replies":[{"embeddable":true,"href":"https:\/\/skolski-puls.com.hr\/index.php?rest_route=%2Fwp%2Fv2%2Fcomments&post=6388"}],"version-history":[{"count":1,"href":"https:\/\/skolski-puls.com.hr\/index.php?rest_route=\/wp\/v2\/posts\/6388\/revisions"}],"predecessor-version":[{"id":6390,"href":"https:\/\/skolski-puls.com.hr\/index.php?rest_route=\/wp\/v2\/posts\/6388\/revisions\/6390"}],"wp:featuredmedia":[{"embeddable":true,"href":"https:\/\/skolski-puls.com.hr\/index.php?rest_route=\/wp\/v2\/media\/6389"}],"wp:attachment":[{"href":"https:\/\/skolski-puls.com.hr\/index.php?rest_route=%2Fwp%2Fv2%2Fmedia&parent=6388"}],"wp:term":[{"taxonomy":"category","embeddable":true,"href":"https:\/\/skolski-puls.com.hr\/index.php?rest_route=%2Fwp%2Fv2%2Fcategories&post=6388"},{"taxonomy":"post_tag","embeddable":true,"href":"https:\/\/skolski-puls.com.hr\/index.php?rest_route=%2Fwp%2Fv2%2Ftags&post=6388"}],"curies":[{"name":"wp","href":"https:\/\/api.w.org\/{rel}","templated":true}]}}