{"id":6394,"date":"2023-11-03T07:41:21","date_gmt":"2023-11-03T07:41:21","guid":{"rendered":"https:\/\/skolski-puls.com.hr\/?p=6394"},"modified":"2023-11-03T07:47:15","modified_gmt":"2023-11-03T07:47:15","slug":"3-b-i-3-c-sagradili-hotel-za-kukce-u-cudesnim-vrtovima","status":"publish","type":"post","link":"https:\/\/skolski-puls.com.hr\/?p=6394","title":{"rendered":"3.b i 3.c sagradili hotel za kukce u \u010cudesnim vrtovima"},"content":{"rendered":"<div class=\"xdj266r x11i5rnm xat24cr x1mh8g0r x1vvkbs\">\n<div dir=\"auto\"><em>\u010cudesni vrtovi<\/em> naziv je za\u00a0 zajedni\u010dki vrt na podru\u010dju Vara\u017edina. Mjesto je to na kojem svi zainteresirani mogu na vlastitoj parceli prakticirati i u\u010diti organsko vrtlarstvo i na\u010dela samoodr\u017eivosti, razmjenjivati iskustva ili se dru\u017eiti.<\/div>\n<\/div>\n<div class=\"x11i5rnm xat24cr x1mh8g0r x1vvkbs xtlvy1s\">\n<div dir=\"auto\"><em>\u010cudesni vrtovi<\/em> su projekt <em>Udruge za promicanje odr\u017eivog na\u010dina \u017eivljenja Gredica<\/em>, pokrenut po\u010detkom 2012. godine, u suradnji i uz podr\u0161ku Grada Vara\u017edina. Danas okupljaju vi\u0161e od stotinu vrtlara iz svih dijelova grada.<\/div>\n<\/div>\n<p>Radionici <em>Izrada hotela za kukce <\/em>u organizaciji<em> Udruge za promicanje odr\u017eivog na\u010dina \u017eivljenja Gredica <\/em>koja je odr\u017eana 2. listopada 2023. godine u\u00a0<em>\u010cudesnim vrtovima<\/em> prisustvovali su i u\u010denici IV. O\u0160 Vara\u017edin.<br \/>\nSadr\u017eaji terenske nastave usko su bili vezani uz nastavni predmet Priroda i dru\u0161tvo te Sat<br \/>\nrazrednika. Budu\u0107i da je \u010cetvrta prije nekoliko godina imala dobru suradnju sa spomenutom udrugom te je na njihovu inicijativu i nastao mali \u0161kolski vrt nije bilo sumnje da \u0107e i ova je radionica biti kvalitetna i uspje\u0161na.<br \/>\nSudjelovali su u\u010denici <strong>3.b i 3.c<\/strong> razreda. Radili su u grupnom radu. Gran\u010dicama, \u010de\u0161erima i<br \/>\ndrugim prirodnim materijalima punili su \u201esobe\u201c budu\u0107eg hotela za kukce. \u010culi su kako<br \/>\nodabrati najbolji polo\u017eaj u vrtu i za\u0161to je va\u017eno u vrtu imati kukce. Putem nastavnog listi\u0107a<br \/>\nupoznali su fotografije korisnih vrtnih kukaca, a zatim ih tra\u017eili u vrtu. U neposrednoj<br \/>\nstvarnosti do\u017eivjeli su vrt i uo\u010dili va\u017enost o\u010duvanja biolo\u0161ke raznolikosti te kako im mi u tome mo\u017eemo pomo\u0107i. Izradili su natpis koji \u0107e stajati iznad hotela za kukce.<br \/>\nOsvje\u017eili su se sokovima i pecivom te jo\u0161 na kraju pro\u0161etali <em>Vara\u017edinskim sajmom<\/em> koji se<br \/>\ntradicionalno odr\u017eava \u010detvrtkom. Veselo i znati\u017eeljno razgledali su proizvode poljoprivrednika i nekolicine preostalih obrtnika koji se bave vrlo rijetkim i gotovo i\u0161\u010dezlim<br \/>\nposlovima kao \u0161to su u\u017eari i ko\u0161ara\u0161i.<br \/>\nOrganizacijom ovakvog tipa terenske nastave u\u010diteljice Silvija Gr\u0111an Hosni, Lidija Drvari\u0107 i Snje\u017eana Kolak \u017eeljele su svoju ljubav i strast prema prirodi prenijeti na svoje u\u010denike kako bi odgajale djecu osvije\u0161tenu za dobrobiti \u017eivog svijeta oko nas.<br \/>\nTro\u0161kovi radionice i prijevoza bili su za djecu besplatni.<br \/>\nU organizaciji i pratnji sudjelovale su u\u010diteljice: <strong>Silvija Gr\u0111an Hosni, Lidija Drvari\u0107 i Snje\u017eana Kolak<\/strong>. U\u010denici i u\u010diteljice su s velikim veseljem vratili s terenske nastave.<\/p>\n<div id='gallery-1' class='gallery galleryid-6394 gallery-columns-3 gallery-size-thumbnail'><figure class='gallery-item'>\n\t\t\t<div class='gallery-icon landscape'>\n\t\t\t\t<a href='https:\/\/skolski-puls.com.hr\/wp-content\/uploads\/2023\/11\/viber_slika_2023-11-02_13-31-50-598.jpg'><img loading=\"lazy\" decoding=\"async\" width=\"150\" height=\"150\" src=\"https:\/\/skolski-puls.com.hr\/wp-content\/uploads\/2023\/11\/viber_slika_2023-11-02_13-31-50-598-150x150.jpg\" class=\"attachment-thumbnail size-thumbnail\" alt=\"\" \/><\/a>\n\t\t\t<\/div><\/figure><figure class='gallery-item'>\n\t\t\t<div class='gallery-icon portrait'>\n\t\t\t\t<a href='https:\/\/skolski-puls.com.hr\/wp-content\/uploads\/2023\/11\/viber_slika_2023-11-02_13-31-51-050.jpg'><img loading=\"lazy\" decoding=\"async\" width=\"150\" height=\"150\" src=\"https:\/\/skolski-puls.com.hr\/wp-content\/uploads\/2023\/11\/viber_slika_2023-11-02_13-31-51-050-150x150.jpg\" class=\"attachment-thumbnail size-thumbnail\" alt=\"\" \/><\/a>\n\t\t\t<\/div><\/figure><figure class='gallery-item'>\n\t\t\t<div class='gallery-icon portrait'>\n\t\t\t\t<a href='https:\/\/skolski-puls.com.hr\/wp-content\/uploads\/2023\/11\/viber_slika_2023-11-02_13-31-51-488.jpg'><img loading=\"lazy\" decoding=\"async\" width=\"150\" height=\"150\" src=\"https:\/\/skolski-puls.com.hr\/wp-content\/uploads\/2023\/11\/viber_slika_2023-11-02_13-31-51-488-150x150.jpg\" class=\"attachment-thumbnail size-thumbnail\" alt=\"\" \/><\/a>\n\t\t\t<\/div><\/figure><figure class='gallery-item'>\n\t\t\t<div class='gallery-icon landscape'>\n\t\t\t\t<a href='https:\/\/skolski-puls.com.hr\/wp-content\/uploads\/2023\/11\/viber_slika_2023-11-02_13-31-51-931.jpg'><img loading=\"lazy\" decoding=\"async\" width=\"150\" height=\"150\" src=\"https:\/\/skolski-puls.com.hr\/wp-content\/uploads\/2023\/11\/viber_slika_2023-11-02_13-31-51-931-150x150.jpg\" class=\"attachment-thumbnail size-thumbnail\" alt=\"\" \/><\/a>\n\t\t\t<\/div><\/figure>\n\t\t<\/div>\n\n","protected":false},"excerpt":{"rendered":"<p>\u010cudesni vrtovi naziv je za\u00a0 zajedni\u010dki vrt na podru\u010dju Vara\u017edina. Mjesto je to na kojem svi zainteresirani mogu na vlastitoj parceli prakticirati i u\u010diti organsko vrtlarstvo i na\u010dela samoodr\u017eivosti, razmjenjivati iskustva ili se dru\u017eiti. \u010cudesni vrtovi su projekt Udruge za promicanje odr\u017eivog na\u010dina \u017eivljenja Gredica, pokrenut po\u010detkom 2012. godine, u suradnji i uz podr\u0161ku Grada [&hellip;]<\/p>\n","protected":false},"author":2,"featured_media":6395,"comment_status":"open","ping_status":"open","sticky":false,"template":"","format":"standard","meta":{"footnotes":""},"categories":[15,10],"tags":[],"class_list":["post-6394","post","type-post","status-publish","format-standard","has-post-thumbnail","hentry","category-projekti","category-vijesti"],"_links":{"self":[{"href":"https:\/\/skolski-puls.com.hr\/index.php?rest_route=\/wp\/v2\/posts\/6394","targetHints":{"allow":["GET"]}}],"collection":[{"href":"https:\/\/skolski-puls.com.hr\/index.php?rest_route=\/wp\/v2\/posts"}],"about":[{"href":"https:\/\/skolski-puls.com.hr\/index.php?rest_route=\/wp\/v2\/types\/post"}],"author":[{"embeddable":true,"href":"https:\/\/skolski-puls.com.hr\/index.php?rest_route=\/wp\/v2\/users\/2"}],"replies":[{"embeddable":true,"href":"https:\/\/skolski-puls.com.hr\/index.php?rest_route=%2Fwp%2Fv2%2Fcomments&post=6394"}],"version-history":[{"count":2,"href":"https:\/\/skolski-puls.com.hr\/index.php?rest_route=\/wp\/v2\/posts\/6394\/revisions"}],"predecessor-version":[{"id":6400,"href":"https:\/\/skolski-puls.com.hr\/index.php?rest_route=\/wp\/v2\/posts\/6394\/revisions\/6400"}],"wp:featuredmedia":[{"embeddable":true,"href":"https:\/\/skolski-puls.com.hr\/index.php?rest_route=\/wp\/v2\/media\/6395"}],"wp:attachment":[{"href":"https:\/\/skolski-puls.com.hr\/index.php?rest_route=%2Fwp%2Fv2%2Fmedia&parent=6394"}],"wp:term":[{"taxonomy":"category","embeddable":true,"href":"https:\/\/skolski-puls.com.hr\/index.php?rest_route=%2Fwp%2Fv2%2Fcategories&post=6394"},{"taxonomy":"post_tag","embeddable":true,"href":"https:\/\/skolski-puls.com.hr\/index.php?rest_route=%2Fwp%2Fv2%2Ftags&post=6394"}],"curies":[{"name":"wp","href":"https:\/\/api.w.org\/{rel}","templated":true}]}}