{"id":6886,"date":"2024-02-29T09:01:00","date_gmt":"2024-02-29T09:01:00","guid":{"rendered":"https:\/\/skolski-puls.com.hr\/?p=6886"},"modified":"2024-02-29T09:01:00","modified_gmt":"2024-02-29T09:01:00","slug":"cetvrta-sudjelovala-na-meduzupanijskoj-smotri-ucenickih-istrazivackih-radova-iz-biosigurnosti-i-biozastite","status":"publish","type":"post","link":"https:\/\/skolski-puls.com.hr\/?p=6886","title":{"rendered":"\u010cetvrta sudjelovala na Me\u0111u\u017eupanijskoj smotri u\u010deni\u010dkih istra\u017eiva\u010dkih radova iz Biosigurnosti i bioza\u0161tite"},"content":{"rendered":"<p>IV. osnovna \u0161kola Vara\u017edin sudjelovala je na Me\u0111u\u017eupanijskoj smotri u\u010deni\u010dkih istra\u017eiva\u010dkih radova iz Biosigurnosti i bioza\u0161tite koja se odr\u017eala u Zagrebu, 28. velja\u010de 2024. godine.<br \/>\nIz IV. osnovne \u0161kole Vara\u017edin sudjelovao je\u00a0 tim kojeg su \u010dinile <strong>Paula Bosilj i Mia Kozjak<\/strong>, ali i u\u010denici koji su sudjelovali u pripremi za smotru <strong>Janko Klape\u017e, Karlo Vugrin, Lana Adla\u0161i\u0107 i Lara Bartoli\u0107.\u00a0 <\/strong>Mentorica u\u010denicima bila je u\u010diteljica biologije <strong>Katarina Barat<\/strong> u pratnji ravnateljice <strong>Marjane Bor\u0161\u0107ak-Sudec<\/strong>.<br \/>\nSmotra se odr\u017eala u VII. gimnaziji za Sredi\u0161nju Hrvatsku (Grad Zagreb, Istarska, Karlova\u010dka, Koprivni\u010dko- kri\u017eeva\u010dka, Krapinsko-zagorska, Me\u0111imurska, Primorsko-giranska, Sisa\u010dko- moslava\u010dka, Vara\u017edinska i Zagreba\u010dka \u017eupanija), bilo je 15 timova, 30 u\u010denika i 14 mentora te su se oni predstavili izlaganjem svojih radova. Izra\u0111ivali su postere te provodili istra\u017eivanja.<br \/>\nProveli su istra\u017eivanje na temu prijenosa zaraznih bolesti u \u0161kolama, pri \u010demu je naglasak bio na prijenosu hripavca kao kaplji\u010dne zarazne bolesti u razrednoj i predmetnoj nastavi.<br \/>\nU\u010denici su dobili zahvalnice za sudjelovanje, bili su motivirani te su lijepo predstavili svoj rad. Sa zadovoljstvom i \u017eeljom za ponovnim sudjelovanjem vratili su se u Vara\u017edin.<\/p>\n<div id='gallery-1' class='gallery galleryid-6886 gallery-columns-3 gallery-size-thumbnail'><figure class='gallery-item'>\n\t\t\t<div class='gallery-icon landscape'>\n\t\t\t\t<a href='https:\/\/skolski-puls.com.hr\/wp-content\/uploads\/2024\/02\/viber_slika_2024-02-29_07-23-17-783.jpg'><img loading=\"lazy\" decoding=\"async\" width=\"150\" height=\"150\" src=\"https:\/\/skolski-puls.com.hr\/wp-content\/uploads\/2024\/02\/viber_slika_2024-02-29_07-23-17-783-150x150.jpg\" class=\"attachment-thumbnail size-thumbnail\" alt=\"\" \/><\/a>\n\t\t\t<\/div><\/figure><figure class='gallery-item'>\n\t\t\t<div class='gallery-icon landscape'>\n\t\t\t\t<a href='https:\/\/skolski-puls.com.hr\/wp-content\/uploads\/2024\/02\/viber_slika_2024-02-29_07-23-11-899.jpg'><img loading=\"lazy\" decoding=\"async\" width=\"150\" height=\"150\" src=\"https:\/\/skolski-puls.com.hr\/wp-content\/uploads\/2024\/02\/viber_slika_2024-02-29_07-23-11-899-150x150.jpg\" class=\"attachment-thumbnail size-thumbnail\" alt=\"\" \/><\/a>\n\t\t\t<\/div><\/figure><figure class='gallery-item'>\n\t\t\t<div class='gallery-icon landscape'>\n\t\t\t\t<a href='https:\/\/skolski-puls.com.hr\/wp-content\/uploads\/2024\/02\/viber_slika_2024-02-29_07-23-32-377-e1709197249987.jpg'><img loading=\"lazy\" decoding=\"async\" width=\"150\" height=\"150\" src=\"https:\/\/skolski-puls.com.hr\/wp-content\/uploads\/2024\/02\/viber_slika_2024-02-29_07-23-32-377-e1709197249987-150x150.jpg\" class=\"attachment-thumbnail size-thumbnail\" alt=\"\" \/><\/a>\n\t\t\t<\/div><\/figure><figure class='gallery-item'>\n\t\t\t<div class='gallery-icon landscape'>\n\t\t\t\t<a href='https:\/\/skolski-puls.com.hr\/wp-content\/uploads\/2024\/02\/viber_slika_2024-02-29_07-23-40-566.jpg'><img loading=\"lazy\" decoding=\"async\" width=\"150\" height=\"150\" src=\"https:\/\/skolski-puls.com.hr\/wp-content\/uploads\/2024\/02\/viber_slika_2024-02-29_07-23-40-566-150x150.jpg\" class=\"attachment-thumbnail size-thumbnail\" alt=\"\" \/><\/a>\n\t\t\t<\/div><\/figure>\n\t\t<\/div>\n\n","protected":false},"excerpt":{"rendered":"<p>IV. osnovna \u0161kola Vara\u017edin sudjelovala je na Me\u0111u\u017eupanijskoj smotri u\u010deni\u010dkih istra\u017eiva\u010dkih radova iz Biosigurnosti i bioza\u0161tite koja se odr\u017eala u Zagrebu, 28. velja\u010de 2024. godine. Iz IV. osnovne \u0161kole Vara\u017edin sudjelovao je\u00a0 tim kojeg su \u010dinile Paula Bosilj i Mia Kozjak, ali i u\u010denici koji su sudjelovali u pripremi za smotru Janko Klape\u017e, Karlo Vugrin, [&hellip;]<\/p>\n","protected":false},"author":2,"featured_media":6889,"comment_status":"open","ping_status":"open","sticky":false,"template":"","format":"standard","meta":{"footnotes":""},"categories":[10],"tags":[],"class_list":["post-6886","post","type-post","status-publish","format-standard","has-post-thumbnail","hentry","category-vijesti"],"_links":{"self":[{"href":"https:\/\/skolski-puls.com.hr\/index.php?rest_route=\/wp\/v2\/posts\/6886","targetHints":{"allow":["GET"]}}],"collection":[{"href":"https:\/\/skolski-puls.com.hr\/index.php?rest_route=\/wp\/v2\/posts"}],"about":[{"href":"https:\/\/skolski-puls.com.hr\/index.php?rest_route=\/wp\/v2\/types\/post"}],"author":[{"embeddable":true,"href":"https:\/\/skolski-puls.com.hr\/index.php?rest_route=\/wp\/v2\/users\/2"}],"replies":[{"embeddable":true,"href":"https:\/\/skolski-puls.com.hr\/index.php?rest_route=%2Fwp%2Fv2%2Fcomments&post=6886"}],"version-history":[{"count":1,"href":"https:\/\/skolski-puls.com.hr\/index.php?rest_route=\/wp\/v2\/posts\/6886\/revisions"}],"predecessor-version":[{"id":6891,"href":"https:\/\/skolski-puls.com.hr\/index.php?rest_route=\/wp\/v2\/posts\/6886\/revisions\/6891"}],"wp:featuredmedia":[{"embeddable":true,"href":"https:\/\/skolski-puls.com.hr\/index.php?rest_route=\/wp\/v2\/media\/6889"}],"wp:attachment":[{"href":"https:\/\/skolski-puls.com.hr\/index.php?rest_route=%2Fwp%2Fv2%2Fmedia&parent=6886"}],"wp:term":[{"taxonomy":"category","embeddable":true,"href":"https:\/\/skolski-puls.com.hr\/index.php?rest_route=%2Fwp%2Fv2%2Fcategories&post=6886"},{"taxonomy":"post_tag","embeddable":true,"href":"https:\/\/skolski-puls.com.hr\/index.php?rest_route=%2Fwp%2Fv2%2Ftags&post=6886"}],"curies":[{"name":"wp","href":"https:\/\/api.w.org\/{rel}","templated":true}]}}