{"id":6975,"date":"2024-04-19T06:24:27","date_gmt":"2024-04-19T06:24:27","guid":{"rendered":"https:\/\/skolski-puls.com.hr\/?p=6975"},"modified":"2024-04-19T07:06:40","modified_gmt":"2024-04-19T07:06:40","slug":"ivani-za-rodendan","status":"publish","type":"post","link":"https:\/\/skolski-puls.com.hr\/?p=6975","title":{"rendered":"Ivani za ro\u0111endan"},"content":{"rendered":"<p>Na dana\u0161nji dan, 18. travnja, prije 150 godina ro\u0111ena je hrvatska knji\u017eevnica koja je u Hrvatskoj i u svijetu priznata kao jedna od najzna\u010dajnijih spisateljica za djecu, \u010desto nazivana i &#8216;hrvatski Andersen&#8217; \u2013 Ivana Brli\u0107-Ma\u017eurani\u0107.<\/p>\n<p>Ovu zna\u010dajnu obljetnicu povodom 150. godi\u0161njice Ivaninog ro\u0111enja obilje\u017eavamo projektom &#8216;Godina s Ivanom&#8217;, kroz manifestaciju No\u0107 knjige, a na dana\u0161nji dan \u00a0i s nekoliko kreativnih aktivnosti za u\u010denike 3. abc\u00a0 i 4. abc razreda. Aktivnosti su provedene u suradnji sa \u0161kolskom knji\u017eni\u010darkom, Marinom Mavrek.<\/p>\n<p>Povodom Ivaninog ro\u0111endana, u\u010denici 3. b razred su osmislili ro\u0111endanske \u010destitke u koje su osim rije\u010di zahvale za njezina djela, napisali i nekoliko stihova iz Ivaninih pjesama.<\/p>\n<p>U\u010denici 4.abc razreda oslikali su strani\u010dnike s motivima iz \u0160ume Striborove. Strani\u010dnike su razmijenili s u\u010denicima \u010detvrtih razreda VI. O\u0160 Vara\u017edin u suradnji s knji\u017eni\u010darkom Nata\u0161om Naran\u010di\u0107\u00a0 i u\u010denicima O\u0160 &#8216;Vladimir Nazor&#8217; iz Sv. Ilije u suradnji s knji\u017eni\u010darkom Tatjanom Slunjski.<\/p>\n<p>Osim toga, u\u010denici 4. abc razreda su izra\u0111ivali slike fantasti\u010dnih i mitolo\u0161kih likova iz pri\u010da <strong>\u0160uma Striborova<\/strong> i <strong>Rego\u010d<\/strong> uz pomo\u0107 umjetne inteligencije, u u\u010dionici informatike. Tako\u0111er, sudjelovali su u lovu na blagu pod nazivom &#8216;Potraga za Ivaninim blagom&#8217;. Potraga im se jako svidjela, a slatka nagrada izmamila je dodatne osmijehe na lica u\u010denika.<\/p>\n<p>Predstoji nam jo\u0161 No\u0107 knjige (23. travnja) i priprema izlo\u017ebe Ivani u \u010dast i povodom 150. godi\u0161njice njezina ro\u0111enja.<\/p>\n<p>Marina Mavrek<\/p>\n<div id='gallery-1' class='gallery galleryid-6975 gallery-columns-3 gallery-size-thumbnail'><figure class='gallery-item'>\n\t\t\t<div class='gallery-icon landscape'>\n\t\t\t\t<a href='https:\/\/skolski-puls.com.hr\/wp-content\/uploads\/2024\/04\/fotka-1-1.jpg'><img loading=\"lazy\" decoding=\"async\" width=\"150\" height=\"150\" src=\"https:\/\/skolski-puls.com.hr\/wp-content\/uploads\/2024\/04\/fotka-1-1-150x150.jpg\" class=\"attachment-thumbnail size-thumbnail\" alt=\"\" srcset=\"https:\/\/skolski-puls.com.hr\/wp-content\/uploads\/2024\/04\/fotka-1-1-150x150.jpg 150w, https:\/\/skolski-puls.com.hr\/wp-content\/uploads\/2024\/04\/fotka-1-1-1024x1024.jpg 1024w, https:\/\/skolski-puls.com.hr\/wp-content\/uploads\/2024\/04\/fotka-1-1-768x768.jpg 768w, https:\/\/skolski-puls.com.hr\/wp-content\/uploads\/2024\/04\/fotka-1-1-640x640.jpg 640w, https:\/\/skolski-puls.com.hr\/wp-content\/uploads\/2024\/04\/fotka-1-1.jpg 1200w\" sizes=\"auto, (max-width: 150px) 100vw, 150px\" \/><\/a>\n\t\t\t<\/div><\/figure><figure class='gallery-item'>\n\t\t\t<div class='gallery-icon landscape'>\n\t\t\t\t<a href='https:\/\/skolski-puls.com.hr\/wp-content\/uploads\/2024\/04\/fotka-5-1.jpg'><img loading=\"lazy\" decoding=\"async\" width=\"150\" height=\"150\" src=\"https:\/\/skolski-puls.com.hr\/wp-content\/uploads\/2024\/04\/fotka-5-1-150x150.jpg\" class=\"attachment-thumbnail size-thumbnail\" alt=\"\" srcset=\"https:\/\/skolski-puls.com.hr\/wp-content\/uploads\/2024\/04\/fotka-5-1-150x150.jpg 150w, https:\/\/skolski-puls.com.hr\/wp-content\/uploads\/2024\/04\/fotka-5-1-1024x1022.jpg 1024w, https:\/\/skolski-puls.com.hr\/wp-content\/uploads\/2024\/04\/fotka-5-1-768x767.jpg 768w, https:\/\/skolski-puls.com.hr\/wp-content\/uploads\/2024\/04\/fotka-5-1-640x639.jpg 640w, https:\/\/skolski-puls.com.hr\/wp-content\/uploads\/2024\/04\/fotka-5-1.jpg 1200w\" sizes=\"auto, (max-width: 150px) 100vw, 150px\" \/><\/a>\n\t\t\t<\/div><\/figure><figure class='gallery-item'>\n\t\t\t<div class='gallery-icon portrait'>\n\t\t\t\t<a href='https:\/\/skolski-puls.com.hr\/wp-content\/uploads\/2024\/04\/fotka-2-1.jpg'><img loading=\"lazy\" decoding=\"async\" width=\"150\" height=\"150\" src=\"https:\/\/skolski-puls.com.hr\/wp-content\/uploads\/2024\/04\/fotka-2-1-150x150.jpg\" class=\"attachment-thumbnail size-thumbnail\" alt=\"\" \/><\/a>\n\t\t\t<\/div><\/figure><figure class='gallery-item'>\n\t\t\t<div class='gallery-icon landscape'>\n\t\t\t\t<a href='https:\/\/skolski-puls.com.hr\/wp-content\/uploads\/2024\/04\/fotka-4.jpg'><img loading=\"lazy\" decoding=\"async\" width=\"150\" height=\"150\" src=\"https:\/\/skolski-puls.com.hr\/wp-content\/uploads\/2024\/04\/fotka-4-150x150.jpg\" class=\"attachment-thumbnail size-thumbnail\" alt=\"\" srcset=\"https:\/\/skolski-puls.com.hr\/wp-content\/uploads\/2024\/04\/fotka-4-150x150.jpg 150w, https:\/\/skolski-puls.com.hr\/wp-content\/uploads\/2024\/04\/fotka-4-1024x1022.jpg 1024w, https:\/\/skolski-puls.com.hr\/wp-content\/uploads\/2024\/04\/fotka-4-768x767.jpg 768w, https:\/\/skolski-puls.com.hr\/wp-content\/uploads\/2024\/04\/fotka-4-640x639.jpg 640w, https:\/\/skolski-puls.com.hr\/wp-content\/uploads\/2024\/04\/fotka-4.jpg 1200w\" sizes=\"auto, (max-width: 150px) 100vw, 150px\" \/><\/a>\n\t\t\t<\/div><\/figure><figure class='gallery-item'>\n\t\t\t<div class='gallery-icon portrait'>\n\t\t\t\t<a href='https:\/\/skolski-puls.com.hr\/wp-content\/uploads\/2024\/04\/fotka-3-1.jpg'><img loading=\"lazy\" decoding=\"async\" width=\"150\" height=\"150\" src=\"https:\/\/skolski-puls.com.hr\/wp-content\/uploads\/2024\/04\/fotka-3-1-150x150.jpg\" class=\"attachment-thumbnail size-thumbnail\" alt=\"\" \/><\/a>\n\t\t\t<\/div><\/figure><figure class='gallery-item'>\n\t\t\t<div class='gallery-icon landscape'>\n\t\t\t\t<a href='https:\/\/skolski-puls.com.hr\/wp-content\/uploads\/2024\/04\/fotka-6.jpg'><img loading=\"lazy\" decoding=\"async\" width=\"150\" height=\"150\" src=\"https:\/\/skolski-puls.com.hr\/wp-content\/uploads\/2024\/04\/fotka-6-150x150.jpg\" class=\"attachment-thumbnail size-thumbnail\" alt=\"\" srcset=\"https:\/\/skolski-puls.com.hr\/wp-content\/uploads\/2024\/04\/fotka-6-150x150.jpg 150w, https:\/\/skolski-puls.com.hr\/wp-content\/uploads\/2024\/04\/fotka-6-1024x1022.jpg 1024w, https:\/\/skolski-puls.com.hr\/wp-content\/uploads\/2024\/04\/fotka-6-768x767.jpg 768w, https:\/\/skolski-puls.com.hr\/wp-content\/uploads\/2024\/04\/fotka-6-640x639.jpg 640w, https:\/\/skolski-puls.com.hr\/wp-content\/uploads\/2024\/04\/fotka-6.jpg 1200w\" sizes=\"auto, (max-width: 150px) 100vw, 150px\" \/><\/a>\n\t\t\t<\/div><\/figure>\n\t\t<\/div>\n\n","protected":false},"excerpt":{"rendered":"<p>Na dana\u0161nji dan, 18. travnja, prije 150 godina ro\u0111ena je hrvatska knji\u017eevnica koja je u Hrvatskoj i u svijetu priznata kao jedna od najzna\u010dajnijih spisateljica za djecu, \u010desto nazivana i &#8216;hrvatski Andersen&#8217; \u2013 Ivana Brli\u0107-Ma\u017eurani\u0107. Ovu zna\u010dajnu obljetnicu povodom 150. godi\u0161njice Ivaninog ro\u0111enja obilje\u017eavamo projektom &#8216;Godina s Ivanom&#8217;, kroz manifestaciju No\u0107 knjige, a na dana\u0161nji [&hellip;]<\/p>\n","protected":false},"author":2,"featured_media":6976,"comment_status":"open","ping_status":"open","sticky":false,"template":"","format":"standard","meta":{"footnotes":""},"categories":[15],"tags":[],"class_list":["post-6975","post","type-post","status-publish","format-standard","has-post-thumbnail","hentry","category-projekti"],"_links":{"self":[{"href":"https:\/\/skolski-puls.com.hr\/index.php?rest_route=\/wp\/v2\/posts\/6975","targetHints":{"allow":["GET"]}}],"collection":[{"href":"https:\/\/skolski-puls.com.hr\/index.php?rest_route=\/wp\/v2\/posts"}],"about":[{"href":"https:\/\/skolski-puls.com.hr\/index.php?rest_route=\/wp\/v2\/types\/post"}],"author":[{"embeddable":true,"href":"https:\/\/skolski-puls.com.hr\/index.php?rest_route=\/wp\/v2\/users\/2"}],"replies":[{"embeddable":true,"href":"https:\/\/skolski-puls.com.hr\/index.php?rest_route=%2Fwp%2Fv2%2Fcomments&post=6975"}],"version-history":[{"count":2,"href":"https:\/\/skolski-puls.com.hr\/index.php?rest_route=\/wp\/v2\/posts\/6975\/revisions"}],"predecessor-version":[{"id":6997,"href":"https:\/\/skolski-puls.com.hr\/index.php?rest_route=\/wp\/v2\/posts\/6975\/revisions\/6997"}],"wp:featuredmedia":[{"embeddable":true,"href":"https:\/\/skolski-puls.com.hr\/index.php?rest_route=\/wp\/v2\/media\/6976"}],"wp:attachment":[{"href":"https:\/\/skolski-puls.com.hr\/index.php?rest_route=%2Fwp%2Fv2%2Fmedia&parent=6975"}],"wp:term":[{"taxonomy":"category","embeddable":true,"href":"https:\/\/skolski-puls.com.hr\/index.php?rest_route=%2Fwp%2Fv2%2Fcategories&post=6975"},{"taxonomy":"post_tag","embeddable":true,"href":"https:\/\/skolski-puls.com.hr\/index.php?rest_route=%2Fwp%2Fv2%2Ftags&post=6975"}],"curies":[{"name":"wp","href":"https:\/\/api.w.org\/{rel}","templated":true}]}}