{"id":7373,"date":"2024-06-10T06:45:40","date_gmt":"2024-06-10T06:45:40","guid":{"rendered":"https:\/\/skolski-puls.com.hr\/?p=7373"},"modified":"2024-06-10T06:45:40","modified_gmt":"2024-06-10T06:45:40","slug":"projekt-cvjetna-lektira-2024","status":"publish","type":"post","link":"https:\/\/skolski-puls.com.hr\/?p=7373","title":{"rendered":"Projekt Cvjetna lektira 2024."},"content":{"rendered":"<p>Ovogodi\u0161nje izdanje projekta\u00a0<em><strong>\u2018Cvjetna lektira\u2019\u00a0<\/strong><\/em>koji marljivo provode u\u010diteljice i u\u010denici 2. razreda u suradnji sa \u0161kolskom knji\u017eni\u010darkom\u00a0<strong>Marinom Mavrek<\/strong>, uspje\u0161no je privedeno kraju. Projekt se provodio s ciljem ostvarivanja\u00a0kreativnijeg odnosa prema u\u010deni\u010dkoj lektiri, stjecanja stvarala\u010dkog iskustva, poticanja ma\u0161te i\u00a0 kreativnosti, u\u017eivanja u \u010ditanju i ljubavi prema knjizi, razvijanja ekolo\u0161ke svijesti kod u\u010denika te pobu\u0111ivanja interesa u\u010denika za STEM podru\u010dja kao i razvijanje suradni\u010dkog odnosa s roditeljima.<\/p>\n<p>I ove godine, prolje\u0107e su obilje\u017eili \u010ditaju\u0107i pri\u010du\u00a0<em><strong>\u2018Plesna haljina \u017eutog masla\u010dka\u2019<\/strong><\/em><strong>\u00a0Sun\u010dane \u0160krinjari\u0107<\/strong>, izradom kreativnih\u00a0i likovnih radova, terenskom nastavom i sportskim aktivnostima.<\/p>\n<p>U\u010denici su se natjecali u kvizu prepoznavanja cvije\u0107a, izra\u0111ivali strani\u010dnike s motivima iz pri\u010de, ukrase od recikliranog papira, mirisne slike od prirodnih materijala te osmislili stripove prema knji\u017eevnom predlo\u0161ku. Obilje\u017eili smo i <a href=\"https:\/\/skolski-puls.com.hr\/arhiva\/6999\">Zeleni dan<\/a> povodom Dana planeta Zemlje.<\/p>\n<p>Najlak\u0161i na\u010din za u\u010denje o biljkama je kroz sakupljanje, su\u0161enje i slaganje biljaka u zbirku koja se naziva herbarij. Na\u0161i druga\u0161i\u0107i oku\u0161ali su se u ovom zanimljivom procesu otkrivanja i \u010duvanja pojedinih primjeraka zavi\u010dajne flore. Osim toga, jedan od zadatak bio je i &#8216;Dvije minute dnevno za zeleniji planet &#8211; \u0160tednja papira&#8217; u kojem su u\u010denici u svojim ku\u0107anstvima, zajedno sa svojim uku\u0107anima, tijekom o\u017eujka i travnja na razli\u010dite na\u010dine \u0161tedjeli papir kako bi ukazali na va\u017enu ulogu nas samih u \u0161tednji papira.<\/p>\n<p>Sa svojim u\u010diteljicama, \u00a0<strong>Ru\u017eom Levati\u0107<\/strong> i <strong>Jacintom Kolari\u0107<\/strong> i \u0161kolskom knji\u017eni\u010darkom posjetiti su i izlo\u017ebu kukaca \u2013 stalni postav Entomolo\u0161kog odjela GMV te Vrtni centar, gdje su saznali zanimljive i pou\u010dne informacije o biljnom i \u017eivotinjskom svijetu.<\/p>\n<p>Na kraju projekta, organizirane su natjecateljske igre pod nazivom\u00a0<strong>Masla\u010dkove natjecateljske igre<\/strong>\u00a0u na\u0161oj sportskoj dvorani, u kojima su sudjelovali u\u010denici\u00a0 drugih razreda zajedno sa svojim roditeljima, djedovima i bakama! Razvijanje sportskog duha, bodrenje natjecatelja, osmijeh i radost na licima na\u0161ih u\u010denika ( i roditelja) najbolja su nagrada za ovakve aktivnosti.<\/p>\n<p>Rezultate zajedni\u010dkog rada u projektu\u2013 ma\u0161tovite i kreativne radove, u\u010denici su pokazali roditeljima na izlo\u017ebi povodom Dana \u0161kole. U nastavku pogledajte kako je sve to izgledalo ove godine!<\/p>\n<p>Marina Mavrek<\/p>\n<div id='gallery-1' class='gallery galleryid-7373 gallery-columns-3 gallery-size-thumbnail'><figure class='gallery-item'>\n\t\t\t<div class='gallery-icon landscape'>\n\t\t\t\t<a href='https:\/\/skolski-puls.com.hr\/wp-content\/uploads\/2024\/06\/fotka-6-2.jpg'><img loading=\"lazy\" decoding=\"async\" width=\"150\" height=\"150\" src=\"https:\/\/skolski-puls.com.hr\/wp-content\/uploads\/2024\/06\/fotka-6-2-150x150.jpg\" class=\"attachment-thumbnail size-thumbnail\" alt=\"\" srcset=\"https:\/\/skolski-puls.com.hr\/wp-content\/uploads\/2024\/06\/fotka-6-2-150x150.jpg 150w, https:\/\/skolski-puls.com.hr\/wp-content\/uploads\/2024\/06\/fotka-6-2-1024x1022.jpg 1024w, https:\/\/skolski-puls.com.hr\/wp-content\/uploads\/2024\/06\/fotka-6-2-768x767.jpg 768w, https:\/\/skolski-puls.com.hr\/wp-content\/uploads\/2024\/06\/fotka-6-2-640x639.jpg 640w, https:\/\/skolski-puls.com.hr\/wp-content\/uploads\/2024\/06\/fotka-6-2.jpg 1200w\" sizes=\"auto, (max-width: 150px) 100vw, 150px\" \/><\/a>\n\t\t\t<\/div><\/figure><figure class='gallery-item'>\n\t\t\t<div class='gallery-icon landscape'>\n\t\t\t\t<a href='https:\/\/skolski-puls.com.hr\/wp-content\/uploads\/2024\/06\/fotka-2-3.jpg'><img loading=\"lazy\" decoding=\"async\" width=\"150\" height=\"150\" src=\"https:\/\/skolski-puls.com.hr\/wp-content\/uploads\/2024\/06\/fotka-2-3-150x150.jpg\" class=\"attachment-thumbnail size-thumbnail\" alt=\"\" srcset=\"https:\/\/skolski-puls.com.hr\/wp-content\/uploads\/2024\/06\/fotka-2-3-150x150.jpg 150w, https:\/\/skolski-puls.com.hr\/wp-content\/uploads\/2024\/06\/fotka-2-3-1024x1022.jpg 1024w, https:\/\/skolski-puls.com.hr\/wp-content\/uploads\/2024\/06\/fotka-2-3-768x767.jpg 768w, https:\/\/skolski-puls.com.hr\/wp-content\/uploads\/2024\/06\/fotka-2-3-640x639.jpg 640w, https:\/\/skolski-puls.com.hr\/wp-content\/uploads\/2024\/06\/fotka-2-3.jpg 1200w\" sizes=\"auto, (max-width: 150px) 100vw, 150px\" \/><\/a>\n\t\t\t<\/div><\/figure><figure class='gallery-item'>\n\t\t\t<div class='gallery-icon landscape'>\n\t\t\t\t<a href='https:\/\/skolski-puls.com.hr\/wp-content\/uploads\/2024\/06\/fotka-4-2.jpg'><img loading=\"lazy\" decoding=\"async\" width=\"150\" height=\"150\" src=\"https:\/\/skolski-puls.com.hr\/wp-content\/uploads\/2024\/06\/fotka-4-2-150x150.jpg\" class=\"attachment-thumbnail size-thumbnail\" alt=\"\" srcset=\"https:\/\/skolski-puls.com.hr\/wp-content\/uploads\/2024\/06\/fotka-4-2-150x150.jpg 150w, https:\/\/skolski-puls.com.hr\/wp-content\/uploads\/2024\/06\/fotka-4-2-1024x1022.jpg 1024w, https:\/\/skolski-puls.com.hr\/wp-content\/uploads\/2024\/06\/fotka-4-2-768x767.jpg 768w, https:\/\/skolski-puls.com.hr\/wp-content\/uploads\/2024\/06\/fotka-4-2-640x639.jpg 640w, https:\/\/skolski-puls.com.hr\/wp-content\/uploads\/2024\/06\/fotka-4-2.jpg 1200w\" sizes=\"auto, (max-width: 150px) 100vw, 150px\" \/><\/a>\n\t\t\t<\/div><\/figure><figure class='gallery-item'>\n\t\t\t<div class='gallery-icon landscape'>\n\t\t\t\t<a href='https:\/\/skolski-puls.com.hr\/wp-content\/uploads\/2024\/06\/fotka-3-3.jpg'><img loading=\"lazy\" decoding=\"async\" width=\"150\" height=\"150\" src=\"https:\/\/skolski-puls.com.hr\/wp-content\/uploads\/2024\/06\/fotka-3-3-150x150.jpg\" class=\"attachment-thumbnail size-thumbnail\" alt=\"\" srcset=\"https:\/\/skolski-puls.com.hr\/wp-content\/uploads\/2024\/06\/fotka-3-3-150x150.jpg 150w, https:\/\/skolski-puls.com.hr\/wp-content\/uploads\/2024\/06\/fotka-3-3-1024x1022.jpg 1024w, https:\/\/skolski-puls.com.hr\/wp-content\/uploads\/2024\/06\/fotka-3-3-768x767.jpg 768w, https:\/\/skolski-puls.com.hr\/wp-content\/uploads\/2024\/06\/fotka-3-3-640x639.jpg 640w, https:\/\/skolski-puls.com.hr\/wp-content\/uploads\/2024\/06\/fotka-3-3.jpg 1200w\" sizes=\"auto, (max-width: 150px) 100vw, 150px\" \/><\/a>\n\t\t\t<\/div><\/figure><figure class='gallery-item'>\n\t\t\t<div class='gallery-icon landscape'>\n\t\t\t\t<a href='https:\/\/skolski-puls.com.hr\/wp-content\/uploads\/2024\/06\/fotka-5-2.jpg'><img loading=\"lazy\" decoding=\"async\" width=\"150\" height=\"150\" src=\"https:\/\/skolski-puls.com.hr\/wp-content\/uploads\/2024\/06\/fotka-5-2-150x150.jpg\" class=\"attachment-thumbnail size-thumbnail\" alt=\"\" srcset=\"https:\/\/skolski-puls.com.hr\/wp-content\/uploads\/2024\/06\/fotka-5-2-150x150.jpg 150w, https:\/\/skolski-puls.com.hr\/wp-content\/uploads\/2024\/06\/fotka-5-2-1024x1022.jpg 1024w, https:\/\/skolski-puls.com.hr\/wp-content\/uploads\/2024\/06\/fotka-5-2-768x767.jpg 768w, https:\/\/skolski-puls.com.hr\/wp-content\/uploads\/2024\/06\/fotka-5-2-640x639.jpg 640w, https:\/\/skolski-puls.com.hr\/wp-content\/uploads\/2024\/06\/fotka-5-2.jpg 1200w\" sizes=\"auto, (max-width: 150px) 100vw, 150px\" \/><\/a>\n\t\t\t<\/div><\/figure><figure class='gallery-item'>\n\t\t\t<div class='gallery-icon landscape'>\n\t\t\t\t<a href='https:\/\/skolski-puls.com.hr\/wp-content\/uploads\/2024\/06\/fotka-1-3.jpg'><img loading=\"lazy\" decoding=\"async\" width=\"150\" height=\"150\" src=\"https:\/\/skolski-puls.com.hr\/wp-content\/uploads\/2024\/06\/fotka-1-3-150x150.jpg\" class=\"attachment-thumbnail size-thumbnail\" alt=\"\" srcset=\"https:\/\/skolski-puls.com.hr\/wp-content\/uploads\/2024\/06\/fotka-1-3-150x150.jpg 150w, https:\/\/skolski-puls.com.hr\/wp-content\/uploads\/2024\/06\/fotka-1-3-1024x1022.jpg 1024w, https:\/\/skolski-puls.com.hr\/wp-content\/uploads\/2024\/06\/fotka-1-3-768x767.jpg 768w, https:\/\/skolski-puls.com.hr\/wp-content\/uploads\/2024\/06\/fotka-1-3-640x639.jpg 640w, https:\/\/skolski-puls.com.hr\/wp-content\/uploads\/2024\/06\/fotka-1-3.jpg 1200w\" sizes=\"auto, (max-width: 150px) 100vw, 150px\" \/><\/a>\n\t\t\t<\/div><\/figure>\n\t\t<\/div>\n\n","protected":false},"excerpt":{"rendered":"<p>Ovogodi\u0161nje izdanje projekta\u00a0\u2018Cvjetna lektira\u2019\u00a0koji marljivo provode u\u010diteljice i u\u010denici 2. razreda u suradnji sa \u0161kolskom knji\u017eni\u010darkom\u00a0Marinom Mavrek, uspje\u0161no je privedeno kraju. Projekt se provodio s ciljem ostvarivanja\u00a0kreativnijeg odnosa prema u\u010deni\u010dkoj lektiri, stjecanja stvarala\u010dkog iskustva, poticanja ma\u0161te i\u00a0 kreativnosti, u\u017eivanja u \u010ditanju i ljubavi prema knjizi, razvijanja ekolo\u0161ke svijesti kod u\u010denika te pobu\u0111ivanja interesa u\u010denika za [&hellip;]<\/p>\n","protected":false},"author":2,"featured_media":7380,"comment_status":"open","ping_status":"open","sticky":false,"template":"","format":"standard","meta":{"footnotes":""},"categories":[15],"tags":[],"class_list":["post-7373","post","type-post","status-publish","format-standard","has-post-thumbnail","hentry","category-projekti"],"_links":{"self":[{"href":"https:\/\/skolski-puls.com.hr\/index.php?rest_route=\/wp\/v2\/posts\/7373","targetHints":{"allow":["GET"]}}],"collection":[{"href":"https:\/\/skolski-puls.com.hr\/index.php?rest_route=\/wp\/v2\/posts"}],"about":[{"href":"https:\/\/skolski-puls.com.hr\/index.php?rest_route=\/wp\/v2\/types\/post"}],"author":[{"embeddable":true,"href":"https:\/\/skolski-puls.com.hr\/index.php?rest_route=\/wp\/v2\/users\/2"}],"replies":[{"embeddable":true,"href":"https:\/\/skolski-puls.com.hr\/index.php?rest_route=%2Fwp%2Fv2%2Fcomments&post=7373"}],"version-history":[{"count":1,"href":"https:\/\/skolski-puls.com.hr\/index.php?rest_route=\/wp\/v2\/posts\/7373\/revisions"}],"predecessor-version":[{"id":7381,"href":"https:\/\/skolski-puls.com.hr\/index.php?rest_route=\/wp\/v2\/posts\/7373\/revisions\/7381"}],"wp:featuredmedia":[{"embeddable":true,"href":"https:\/\/skolski-puls.com.hr\/index.php?rest_route=\/wp\/v2\/media\/7380"}],"wp:attachment":[{"href":"https:\/\/skolski-puls.com.hr\/index.php?rest_route=%2Fwp%2Fv2%2Fmedia&parent=7373"}],"wp:term":[{"taxonomy":"category","embeddable":true,"href":"https:\/\/skolski-puls.com.hr\/index.php?rest_route=%2Fwp%2Fv2%2Fcategories&post=7373"},{"taxonomy":"post_tag","embeddable":true,"href":"https:\/\/skolski-puls.com.hr\/index.php?rest_route=%2Fwp%2Fv2%2Ftags&post=7373"}],"curies":[{"name":"wp","href":"https:\/\/api.w.org\/{rel}","templated":true}]}}