{"id":7382,"date":"2024-06-11T06:27:05","date_gmt":"2024-06-11T06:27:05","guid":{"rendered":"https:\/\/skolski-puls.com.hr\/?p=7382"},"modified":"2024-06-11T06:27:05","modified_gmt":"2024-06-11T06:27:05","slug":"dramsko-recitatorska-skupina-uspjesna-na-likovno-literarnom-natjecaju-cvjetici-sv-antuna-2024","status":"publish","type":"post","link":"https:\/\/skolski-puls.com.hr\/?p=7382","title":{"rendered":"Dramsko \u2013 recitatorska skupina uspje\u0161na na likovno literarnom natje\u010daju \u201eCvjeti\u0107i sv. Antuna 2024.\u201c"},"content":{"rendered":"<p>U\u010denice 7.b i 7.c razreda IV. O\u0160 Vara\u017edin <strong>Gordana Mileti\u0107, Ema Kri\u017eaj \u2013 Bani\u0107, Lucija \u017dmega\u010d, Lana \u0160ipo\u0161 i Leona \u0160opar<\/strong> uz vodstvo mentorice vjerou\u010diteljice <strong>Aleksandre Lukave\u010dki<\/strong> sudjelovale su na likovno literarnom natje\u010daju <strong>VI. susreta Duhovno dje\u010djeg stvarala\u0161tva \u201cCvjeti\u0107i sv. Antuna\u201d<\/strong> koji je raspisala \u017dupa svetog Antuna Padovanskog, \u010cakovec. Ovogodi\u0161nja tema bila je <strong>\u201eSveti Franjo Asi\u0161ki \u2013 Bo\u017eji prijatelj\u201c.<\/strong> Na natje\u010daj su se mogli poslati literarni i likovni radovi djece pred\u0161kolske dobi te likovni i literarni radovi u\u010denika osnovne \u0161kole na temu: \u017eivot sv. Franje Asi\u0161kog, franjevci, Pjesma stvorova, 800 godina Franjinih jaslica, sv. Franjo i grlice, sv. Franjo i vuk, sv. Franjo i pti\u010dice, sv. Franjo i sv. Klara, sv. Franjo vitez, sv. Franjo popravlja crkvu, rane sv. Franje, sv. Franjo \u2013 za\u0161titnik ekologije\u2026 Sve su u\u010denice na\u0161e \u0161kole pokazale nadarenost u likovnom i literarnom izri\u010daju, te \u0107e biti nagra\u0111ene priznanjima i prigodnim darovima. No, najuspje\u0161nija je bila <strong>Lucija \u017dmega\u010d, u\u010denica 7.b<\/strong> razreda sa pjesmom pod naslovom \u201eSveti Franjo Asi\u0161ki\u201c za koju je dobila drugu nagradu.<\/p>\n<p>vjerou\u010diteljica Aleksandra Lukave\u010dki<\/p>\n<p>SVETI FRANJO ASI\u0160KI<\/p>\n<p>&nbsp;<\/p>\n<p>Poput Isusa si rane imao,<\/p>\n<p>te\u0161ku bolest pobijedio,<\/p>\n<p>u prirodu se sakrio.<\/p>\n<p>&nbsp;<\/p>\n<p>Dru\u017eio se sa siromasima,<\/p>\n<p>sprijateljio sa \u017eivotinjama,<\/p>\n<p>odjeven u vre\u0107u<\/p>\n<p>poslu\u017eivao gubavce.<\/p>\n<p>&nbsp;<\/p>\n<p>S kri\u017ea ti Krist kazao<\/p>\n<p>da obnovi\u0161 Crkvu.<\/p>\n<p>Odobrenje si dobio<\/p>\n<p>i red osnovao.<\/p>\n<p>&nbsp;<\/p>\n<p>Sveti Franjo, hvaljen budi!<\/p>\n<p>Tako te slave svi ljudi!<\/p>\n<p>&nbsp;<\/p>\n<p>&nbsp;<\/p>\n<p>&nbsp;<\/p>\n<p>Lucija \u017dmega\u010d, 7.b<\/p>\n<p>IV. O\u0160 Vara\u017edin<\/p>\n<div id='gallery-1' class='gallery galleryid-7382 gallery-columns-3 gallery-size-thumbnail'><figure class='gallery-item'>\n\t\t\t<div class='gallery-icon landscape'>\n\t\t\t\t<a href='https:\/\/skolski-puls.com.hr\/wp-content\/uploads\/2024\/06\/thumbnail_1714757395013.jpg'><img loading=\"lazy\" decoding=\"async\" width=\"150\" height=\"150\" src=\"https:\/\/skolski-puls.com.hr\/wp-content\/uploads\/2024\/06\/thumbnail_1714757395013-150x150.jpg\" class=\"attachment-thumbnail size-thumbnail\" alt=\"\" \/><\/a>\n\t\t\t<\/div><\/figure><figure class='gallery-item'>\n\t\t\t<div class='gallery-icon portrait'>\n\t\t\t\t<a href='https:\/\/skolski-puls.com.hr\/wp-content\/uploads\/2024\/06\/thumbnail_1714757395048.jpg'><img loading=\"lazy\" decoding=\"async\" width=\"150\" height=\"150\" src=\"https:\/\/skolski-puls.com.hr\/wp-content\/uploads\/2024\/06\/thumbnail_1714757395048-150x150.jpg\" class=\"attachment-thumbnail size-thumbnail\" alt=\"\" \/><\/a>\n\t\t\t<\/div><\/figure><figure class='gallery-item'>\n\t\t\t<div class='gallery-icon portrait'>\n\t\t\t\t<a href='https:\/\/skolski-puls.com.hr\/wp-content\/uploads\/2024\/06\/thumbnail_1714757394976.jpg'><img loading=\"lazy\" decoding=\"async\" width=\"150\" height=\"150\" src=\"https:\/\/skolski-puls.com.hr\/wp-content\/uploads\/2024\/06\/thumbnail_1714757394976-150x150.jpg\" class=\"attachment-thumbnail size-thumbnail\" alt=\"\" \/><\/a>\n\t\t\t<\/div><\/figure><figure class='gallery-item'>\n\t\t\t<div class='gallery-icon portrait'>\n\t\t\t\t<a href='https:\/\/skolski-puls.com.hr\/wp-content\/uploads\/2024\/06\/1714757394920.jpg'><img loading=\"lazy\" decoding=\"async\" width=\"150\" height=\"150\" src=\"https:\/\/skolski-puls.com.hr\/wp-content\/uploads\/2024\/06\/1714757394920-150x150.jpg\" class=\"attachment-thumbnail size-thumbnail\" alt=\"\" \/><\/a>\n\t\t\t<\/div><\/figure>\n\t\t<\/div>\n\n","protected":false},"excerpt":{"rendered":"<p>U\u010denice 7.b i 7.c razreda IV. O\u0160 Vara\u017edin Gordana Mileti\u0107, Ema Kri\u017eaj \u2013 Bani\u0107, Lucija \u017dmega\u010d, Lana \u0160ipo\u0161 i Leona \u0160opar uz vodstvo mentorice vjerou\u010diteljice Aleksandre Lukave\u010dki sudjelovale su na likovno literarnom natje\u010daju VI. susreta Duhovno dje\u010djeg stvarala\u0161tva \u201cCvjeti\u0107i sv. Antuna\u201d koji je raspisala \u017dupa svetog Antuna Padovanskog, \u010cakovec. Ovogodi\u0161nja tema bila je \u201eSveti Franjo [&hellip;]<\/p>\n","protected":false},"author":2,"featured_media":7384,"comment_status":"open","ping_status":"open","sticky":false,"template":"","format":"standard","meta":{"footnotes":""},"categories":[13],"tags":[],"class_list":["post-7382","post","type-post","status-publish","format-standard","has-post-thumbnail","hentry","category-radovi-ucenika"],"_links":{"self":[{"href":"https:\/\/skolski-puls.com.hr\/index.php?rest_route=\/wp\/v2\/posts\/7382","targetHints":{"allow":["GET"]}}],"collection":[{"href":"https:\/\/skolski-puls.com.hr\/index.php?rest_route=\/wp\/v2\/posts"}],"about":[{"href":"https:\/\/skolski-puls.com.hr\/index.php?rest_route=\/wp\/v2\/types\/post"}],"author":[{"embeddable":true,"href":"https:\/\/skolski-puls.com.hr\/index.php?rest_route=\/wp\/v2\/users\/2"}],"replies":[{"embeddable":true,"href":"https:\/\/skolski-puls.com.hr\/index.php?rest_route=%2Fwp%2Fv2%2Fcomments&post=7382"}],"version-history":[{"count":1,"href":"https:\/\/skolski-puls.com.hr\/index.php?rest_route=\/wp\/v2\/posts\/7382\/revisions"}],"predecessor-version":[{"id":7387,"href":"https:\/\/skolski-puls.com.hr\/index.php?rest_route=\/wp\/v2\/posts\/7382\/revisions\/7387"}],"wp:featuredmedia":[{"embeddable":true,"href":"https:\/\/skolski-puls.com.hr\/index.php?rest_route=\/wp\/v2\/media\/7384"}],"wp:attachment":[{"href":"https:\/\/skolski-puls.com.hr\/index.php?rest_route=%2Fwp%2Fv2%2Fmedia&parent=7382"}],"wp:term":[{"taxonomy":"category","embeddable":true,"href":"https:\/\/skolski-puls.com.hr\/index.php?rest_route=%2Fwp%2Fv2%2Fcategories&post=7382"},{"taxonomy":"post_tag","embeddable":true,"href":"https:\/\/skolski-puls.com.hr\/index.php?rest_route=%2Fwp%2Fv2%2Ftags&post=7382"}],"curies":[{"name":"wp","href":"https:\/\/api.w.org\/{rel}","templated":true}]}}