{"id":7432,"date":"2024-06-14T19:45:15","date_gmt":"2024-06-14T19:45:15","guid":{"rendered":"https:\/\/skolski-puls.com.hr\/?p=7432"},"modified":"2024-06-18T09:12:46","modified_gmt":"2024-06-18T09:12:46","slug":"ucenici-iv-osnovne-skole-varazdin-uce-o-medijskoj-pismenosti-kroz-projekt-pratim-medije-provjeravam-informacije","status":"publish","type":"post","link":"https:\/\/skolski-puls.com.hr\/?p=7432","title":{"rendered":"U\u010denici IV. osnovne \u0161kole Vara\u017edin u\u010de o medijskoj pismenosti kroz projekt &#8216;Pratim medije, provjeravam informacije&#8217;"},"content":{"rendered":"<p>U\u010denici IV. osnovne \u0161kole Vara\u017edin u\u010de o medijskoj pismenosti kroz projekt &#8216;Pratim medije, provjeravam informacije&#8217;<\/p>\n<p>U\u010denici od 1. do 8. razreda IV. osnovne \u0161kole Vara\u017edin i ove su \u0161kolske godine imali prilike sudjelovati u projektu medijskog opismenjavanja pod nazivnom \u2018Pratim medije, provjeravam informacije\u2019. Projekt je s ciljem podizanja svijesti o va\u017enosti medijske pismenosti djece i mladih u dana\u0161njem digitalnom dobu, o njihovim medijskim navikama, promicanju kriti\u010dkog mi\u0161ljenja tijekom kori\u0161tenja medija, razvijanju vje\u0161tina kako bi postali\u00a0 \u2018medijski mudri\u2019 osmislila i realizirala \u0161kolska knji\u017eni\u010darka Marina Mavrek., a provodio se na Satovima razrednika ni\u017eih i vi\u0161ih razreda unutar me\u0111upredmetnih tema Osobni i socijalni razvoj, Gra\u0111anski odgoj i obrazovanje, Zdravlje te Uporaba informacijske i komunikacijske tehnologije.<\/p>\n<p>Tijekom projekta, u\u010denici su na satovima razrednika kroz raznovrsne aktivnosti istra\u017eivali svijet medija. Obra\u0111ivali su teme poput:<\/p>\n<p>Abeceda medija: Upoznali su se s razli\u010ditim vrstama medija i medijskim sadr\u017eajima.<\/p>\n<p>Izrada opti\u010dkih igra\u010daka: Kroz zabavnu izradu opti\u010dkih igra\u010daka (thaumatrope), u\u010denici su istra\u017eivali svijet iluzija.<\/p>\n<p>Pozitivni i negativni medijski sadr\u017eaji: Razgovarali su o utjecaju razli\u010ditih medijskih sadr\u017eaja na njihovo raspolo\u017eenje i pona\u0161anje.<\/p>\n<p>Digitalni mediji i mentalno zdravlje: Upoznali su se s rizicima i prednostima kori\u0161tenja digitalnih medija te na\u010dine za odr\u017eavanje mentalnog zdravlja u digitalnom okru\u017eenju.<\/p>\n<p>Mediji i emocije: Istra\u017eivali su kako mediji prikazuju i utje\u010du na emocije ljudi.<\/p>\n<p>Oglasi i prikriveno ogla\u0161avanje: Nau\u010dili su prepoznati razli\u010dite vrste oglasa i razumjeti strategije prikrivenog ogla\u0161avanja.<\/p>\n<p>Dezinformacije i la\u017ene vijesti: Razvijali su vje\u0161tine kriti\u010dke evaluacije informacija i prepoznavanja la\u017enih vijesti.<\/p>\n<p>Senzacionalizam u medijima: Razgovarali su o na\u010dinima na koje se senzacionalisti\u010dke vijesti koriste u medijima te o njihovom utjecaju na javnost.<\/p>\n<p>Prikaz ljepote u medijima: Kriti\u010dki su analizirali prikaz ljepote u medijima te razgovarali o njegovom utjecaju na samopouzdanje i &#8216;body image&#8217; djece i mladih.<\/p>\n<p>Nasilje u medijskim sadr\u017eajima: Razgovarali su o utjecaju nasilnih medijskih sadr\u017eaja na djecu i mlade te o na\u010dinima za\u0161tite od njih.<\/p>\n<p>Osim toga, sudjelovali smo i obilje\u017eili i <a href=\"https:\/\/skolski-puls.com.hr\/arhiva\/7146\">7. Dane medijske pismenosti<\/a> koji su bili organizirani u suradnji s Agencijom za elektroni\u010dke medije i UNICEF-om, a pod pokroviteljstvom Ministarstva kulture i medija te Ministarstva znanosti i obrazovanja.<\/p>\n<p>Projekt &#8216;Pratim medije, provjeravam informacije&#8217; na kreativan i anga\u017eiran na\u010din pomogao je u\u010denicima IV. osnovne \u0161kole Vara\u017edin razvijati kriti\u010dko mi\u0161ljenje i vje\u0161tine potrebne za navigaciju u slo\u017eenom svijetu medija. Kroz aktivno sudjelovanje u projektu, u\u010denici su stekli znanja i vje\u0161tine koje \u0107e im koristiti i u budu\u0107nosti.<\/p>\n<p>&nbsp;<\/p>\n<p>Marina Mavrek<\/p>\n<p><img loading=\"lazy\" decoding=\"async\" class=\"alignnone size-full wp-image-7433\" src=\"https:\/\/skolski-puls.com.hr\/wp-content\/uploads\/2024\/06\/fot1.jpg\" alt=\"\" width=\"1200\" height=\"999\" srcset=\"https:\/\/skolski-puls.com.hr\/wp-content\/uploads\/2024\/06\/fot1.jpg 1200w, https:\/\/skolski-puls.com.hr\/wp-content\/uploads\/2024\/06\/fot1-1024x852.jpg 1024w, https:\/\/skolski-puls.com.hr\/wp-content\/uploads\/2024\/06\/fot1-768x639.jpg 768w, https:\/\/skolski-puls.com.hr\/wp-content\/uploads\/2024\/06\/fot1-640x533.jpg 640w\" sizes=\"auto, (max-width: 1200px) 100vw, 1200px\" \/> <img loading=\"lazy\" decoding=\"async\" class=\"alignnone size-medium wp-image-7434\" src=\"https:\/\/skolski-puls.com.hr\/wp-content\/uploads\/2024\/06\/fot2.jpg\" alt=\"\" width=\"1185\" height=\"1200\" srcset=\"https:\/\/skolski-puls.com.hr\/wp-content\/uploads\/2024\/06\/fot2.jpg 1185w, https:\/\/skolski-puls.com.hr\/wp-content\/uploads\/2024\/06\/fot2-1011x1024.jpg 1011w, https:\/\/skolski-puls.com.hr\/wp-content\/uploads\/2024\/06\/fot2-768x778.jpg 768w, https:\/\/skolski-puls.com.hr\/wp-content\/uploads\/2024\/06\/fot2-640x648.jpg 640w\" sizes=\"auto, (max-width: 1185px) 100vw, 1185px\" \/><\/p>\n","protected":false},"excerpt":{"rendered":"<p>U\u010denici IV. osnovne \u0161kole Vara\u017edin u\u010de o medijskoj pismenosti kroz projekt &#8216;Pratim medije, provjeravam informacije&#8217; U\u010denici od 1. do 8. razreda IV. osnovne \u0161kole Vara\u017edin i ove su \u0161kolske godine imali prilike sudjelovati u projektu medijskog opismenjavanja pod nazivnom \u2018Pratim medije, provjeravam informacije\u2019. Projekt je s ciljem podizanja svijesti o va\u017enosti medijske pismenosti djece i [&hellip;]<\/p>\n","protected":false},"author":2,"featured_media":7434,"comment_status":"open","ping_status":"open","sticky":false,"template":"","format":"standard","meta":{"footnotes":""},"categories":[15],"tags":[],"class_list":["post-7432","post","type-post","status-publish","format-standard","has-post-thumbnail","hentry","category-projekti"],"_links":{"self":[{"href":"https:\/\/skolski-puls.com.hr\/index.php?rest_route=\/wp\/v2\/posts\/7432","targetHints":{"allow":["GET"]}}],"collection":[{"href":"https:\/\/skolski-puls.com.hr\/index.php?rest_route=\/wp\/v2\/posts"}],"about":[{"href":"https:\/\/skolski-puls.com.hr\/index.php?rest_route=\/wp\/v2\/types\/post"}],"author":[{"embeddable":true,"href":"https:\/\/skolski-puls.com.hr\/index.php?rest_route=\/wp\/v2\/users\/2"}],"replies":[{"embeddable":true,"href":"https:\/\/skolski-puls.com.hr\/index.php?rest_route=%2Fwp%2Fv2%2Fcomments&post=7432"}],"version-history":[{"count":3,"href":"https:\/\/skolski-puls.com.hr\/index.php?rest_route=\/wp\/v2\/posts\/7432\/revisions"}],"predecessor-version":[{"id":7462,"href":"https:\/\/skolski-puls.com.hr\/index.php?rest_route=\/wp\/v2\/posts\/7432\/revisions\/7462"}],"wp:featuredmedia":[{"embeddable":true,"href":"https:\/\/skolski-puls.com.hr\/index.php?rest_route=\/wp\/v2\/media\/7434"}],"wp:attachment":[{"href":"https:\/\/skolski-puls.com.hr\/index.php?rest_route=%2Fwp%2Fv2%2Fmedia&parent=7432"}],"wp:term":[{"taxonomy":"category","embeddable":true,"href":"https:\/\/skolski-puls.com.hr\/index.php?rest_route=%2Fwp%2Fv2%2Fcategories&post=7432"},{"taxonomy":"post_tag","embeddable":true,"href":"https:\/\/skolski-puls.com.hr\/index.php?rest_route=%2Fwp%2Fv2%2Ftags&post=7432"}],"curies":[{"name":"wp","href":"https:\/\/api.w.org\/{rel}","templated":true}]}}