{"id":7700,"date":"2024-10-23T08:47:54","date_gmt":"2024-10-23T08:47:54","guid":{"rendered":"https:\/\/skolski-puls.com.hr\/?p=7700"},"modified":"2024-10-23T08:47:54","modified_gmt":"2024-10-23T08:47:54","slug":"svima-je-potreban-jedan-svijet-gdje-sve-uvijek-zavrsi-dobro","status":"publish","type":"post","link":"https:\/\/skolski-puls.com.hr\/?p=7700","title":{"rendered":"Svima je potreban  jedan svijet gdje sve uvijek zavr\u0161i dobro"},"content":{"rendered":"<p style=\"text-align: center;\"><strong>\u00a0Pripovijedanjem se dotaknemo se onoga \u0161to vrijedi\u00a0 svima nama, u bilo kojem \u017eivotnom razdoblju<\/strong><\/p>\n<p style=\"text-align: left;\">Gospo\u0111o Held, dobrodo\u0161li u IV. O\u0160 Vara\u017edin<\/p>\n<ol>\n<li>Va\u0161a zanimljiva I neobi\u010dna profesija dovela Vas je k nama. Uljep\u0161ali ste dan na\u0161im u\u010denicima. Tako je zapravo i sve krenulo, u poku\u0161aju da uljep\u0161ate ratna doga\u0111anja. Mo\u017eete li nam re\u0107i ne\u0161to o tim danima?<\/li>\n<\/ol>\n<p><em>To je zapravo duga pri\u010da i mo\u017eda nije sada nu\u017eno govoriti o tome, ali ono \u0161to je va\u017eno je da dok se bajke pri\u010daju kao \u0161to je to bilo danas, a doga\u0111alo se i u tim vremenima kada je ljudima bilo posebno te\u0161ko onda to jo\u0161 vi\u0161e zna\u010di. U nekim nenormalnim vremenima kada se do\u017eivi tako ne\u0161to to je jo\u0161 dragocjenije.<\/em><\/p>\n<ol start=\"2\">\n<li>Recite nam koliko su va\u0161a djeca utjecala na Va\u0161 \u017eivotni put?<\/li>\n<\/ol>\n<p><em>Puno, iz razloga \u0161to sam ja iz svoje ljubavi prema bajkama i ljubavi prema djeci svaku ve\u010der njima pri\u010dala bajke i to mi je zapravo pomoglo\u00a0 jer sam tako mnoge bajke nau\u010dila\u00a0 i\u00a0 u\u0161la u taj svijet bajki prije nego \u0161to sam se tim po\u010dela profesionalno baviti. \u00a0<\/em><\/p>\n<ol start=\"3\">\n<li>Kojim dobnim skupinama pripovijedate naj\u010de\u0161\u0107e?<\/li>\n<\/ol>\n<p><em>Najva\u017eniji je donji uzrast, zna\u010di od pet godina. Prema gore vi\u0161e nema granice zato \u0161to pripovijedam i odraslima i zapravo svim dobnim skupinama. Naravno to su druge bajke i druge pri\u010de, ali sve je to narodna predaja. Moja najstarija slu\u0161ateljica je imala sto godina.<\/em><\/p>\n<ol start=\"4\">\n<li>Da li vi\u0161e volite pripovijedati mla\u0111oj djeci, tinejd\u017eerima ili odraslim osobama?<\/li>\n<\/ol>\n<p><em>Isto je zato \u0161to kontakt i ono \u0161to se doga\u0111a, ono \u010darobno, to se treba\u00a0 do\u017eivjeti i zapravo nema razlike. Putujemo zajedno tim \u010dudesnim svijetom bajki i pro\u017eivljavamo to zajedno. Tu nema razlike je li netko dijete ili odrasla osoba. Dotaknemo se onoga \u0161to vrijedi\u00a0 svima nama u bilo kojem \u017eivotnom razdoblju.\u00a0<\/em><\/p>\n<ol start=\"5\">\n<li>Koji je Va\u0161 cilj pripovijedanja? Koji dojam \u017eelite ostaviti?<\/li>\n<\/ol>\n<p><em>Ono \u0161to ja \u017eelim je putovati tim svijetom bajki. To je jedan svijet koji sam ja kao tinejd\u017eerica najvi\u0161e voljela \u010ditati kada mi je bilo najte\u017ee. Bajke su mi zapravo jako puno pomagale. To je bio svijet u koji sam se ja razumjela, gdje mi je sve bilo logi\u010dno i stvarno. Dan danas vidim ono \u0161to djeca i odrasli pro\u017eivljavaju i \u017eelim da to pro\u017eivljavaju kroz taj svijet bajki, da do\u017eivljavaju ne\u0161to \u0161to im je vrlo poznato, \u0161to im je blisko, \u0161to imamo svi u sami sebi. To je jedan od mojih ciljeva. Da budem u tom svijetu, da do\u0111emo do toga koliko nam je va\u017ean takav jedan svijet gdje sve uvijek zavr\u0161i dobro.<\/em><\/p>\n<ol start=\"6\">\n<li>Primje\u0107ujete li razliku u pa\u017enji s kojom djeca danas pristupaju bajkama i nekada u doba va\u0161e mladosti?<\/li>\n<\/ol>\n<p><em>\u010cak i ne toliko. Primje\u0107ujem razliku od vremena kada sam ja po\u010dela pripovijedati i danas, na\u010din na koji djeca slu\u0161aju bajke. Me\u0111utim od trenutka kada u\u0111u u bajku svi slu\u0161aju jednako ali su reakcije druga\u010dije. Na primjer na ne\u0161to lose, na neku nevolju koja se dogodi. Prije su djeca rijetko imala tu potrebu da iza\u0111u iz tog do\u017eivljaja, dok ve\u0107ina djece danas odmah \u017eeli iza\u0107i.\u00a0<\/em><\/p>\n<ol start=\"7\">\n<li>Pripovijedate li isklju\u010divo na hrvatskom jeziku?<\/li>\n<\/ol>\n<p>Kod nas pripovijedam na hrvatskom, naravno. Kad putujem u zemlje gdje razumiju hrvatski. Kada putujem negdje gdje pripovijedam strancima, pripovijedam na engleskom jeziku jer ne znam ni jedan drugi.<\/p>\n<ol start=\"8\">\n<li>Koja vam je najdra\u017ea bajka?<\/li>\n<\/ol>\n<p><em>Uvijek ona koju tog trenutka pripovijedam.<\/em><\/p>\n<ol start=\"9\">\n<li>Znate li koja je djeci bila najdra\u017ee bajka?<\/li>\n<\/ol>\n<p><em>To \u0107ete morati njih pitati.<\/em><\/p>\n<ol start=\"10\">\n<li>Kako se pripremate za pripovijedanje? Koliko Vam je vremena potrebno za pripremu?<\/li>\n<\/ol>\n<p><em>Ovisi kako koja bajka, kako koje vrijeme, uglavnom to treba vje\u017ebati, pripremati I \u010ditati puno, biti s tom bajkom I \u017eivjeti s njom. Narodne bajke nisu tekstovi, to su price preno\u0161ene isklju\u010divo usmenim putem. Tek prije stotinjak godina su one po\u010dele biti zabilje\u017eene i zato ih sad imamo sa\u010duvane. Ne u\u010di se tekst, nego se prihva\u0107a i prima bajka.<\/em><\/p>\n<ol start=\"11\">\n<li>Imate li neku poruku koju biste \u017eeljeli prenijeti u\u010denicima \u010cetvrte osnovne \u0161kole Vara\u017edin?<\/li>\n<\/ol>\n<p><em>Rekla bih ovako: &#8221; \u010citajte narodne bajke i iznenadit \u0107ete se&#8221;!<\/em><\/p>\n<p>Hvala Vam na dolasku i prekrasnom do\u017eivljaju pripovijedanja koji ste nam pripremili. Nadamo se da je i Vama bilo ugodno s nama.\u017delimo Vam sre\u0107u u daljnjem radu i nadamo se da \u0107emo se ponovno sresti.<\/p>\n<p>Helena Mlinari\u0107, 8.a<\/p>\n<p>Petar Kudeli\u0107, 8.a<\/p>\n<p><img loading=\"lazy\" decoding=\"async\" class=\"alignnone size-medium wp-image-7704\" src=\"https:\/\/skolski-puls.com.hr\/wp-content\/uploads\/2024\/10\/viber_slika_2024-10-21_10-46-47-520.jpg\" alt=\"\" width=\"1200\" height=\"900\" srcset=\"https:\/\/skolski-puls.com.hr\/wp-content\/uploads\/2024\/10\/viber_slika_2024-10-21_10-46-47-520.jpg 1200w, https:\/\/skolski-puls.com.hr\/wp-content\/uploads\/2024\/10\/viber_slika_2024-10-21_10-46-47-520-1024x768.jpg 1024w, https:\/\/skolski-puls.com.hr\/wp-content\/uploads\/2024\/10\/viber_slika_2024-10-21_10-46-47-520-768x576.jpg 768w, https:\/\/skolski-puls.com.hr\/wp-content\/uploads\/2024\/10\/viber_slika_2024-10-21_10-46-47-520-80x60.jpg 80w, https:\/\/skolski-puls.com.hr\/wp-content\/uploads\/2024\/10\/viber_slika_2024-10-21_10-46-47-520-245x184.jpg 245w, https:\/\/skolski-puls.com.hr\/wp-content\/uploads\/2024\/10\/viber_slika_2024-10-21_10-46-47-520-260x195.jpg 260w, https:\/\/skolski-puls.com.hr\/wp-content\/uploads\/2024\/10\/viber_slika_2024-10-21_10-46-47-520-640x480.jpg 640w\" sizes=\"auto, (max-width: 1200px) 100vw, 1200px\" \/><\/p>\n<p>&nbsp;<\/p>\n<p>&nbsp;<\/p>\n<p>&nbsp;<\/p>\n<p>&nbsp;<\/p>\n<p>&nbsp;<\/p>\n<p>&nbsp;<\/p>\n<p>&nbsp;<\/p>\n<p>&nbsp;<\/p>\n<p>&nbsp;<\/p>\n<p>&nbsp;<\/p>\n","protected":false},"excerpt":{"rendered":"<p>\u00a0Pripovijedanjem se dotaknemo se onoga \u0161to vrijedi\u00a0 svima nama, u bilo kojem \u017eivotnom razdoblju Gospo\u0111o Held, dobrodo\u0161li u IV. O\u0160 Vara\u017edin Va\u0161a zanimljiva I neobi\u010dna profesija dovela Vas je k nama. Uljep\u0161ali ste dan na\u0161im u\u010denicima. Tako je zapravo i sve krenulo, u poku\u0161aju da uljep\u0161ate ratna doga\u0111anja. Mo\u017eete li nam re\u0107i ne\u0161to o tim [&hellip;]<\/p>\n","protected":false},"author":2,"featured_media":7701,"comment_status":"open","ping_status":"open","sticky":false,"template":"","format":"standard","meta":{"footnotes":""},"categories":[13],"tags":[],"class_list":["post-7700","post","type-post","status-publish","format-standard","has-post-thumbnail","hentry","category-radovi-ucenika"],"_links":{"self":[{"href":"https:\/\/skolski-puls.com.hr\/index.php?rest_route=\/wp\/v2\/posts\/7700","targetHints":{"allow":["GET"]}}],"collection":[{"href":"https:\/\/skolski-puls.com.hr\/index.php?rest_route=\/wp\/v2\/posts"}],"about":[{"href":"https:\/\/skolski-puls.com.hr\/index.php?rest_route=\/wp\/v2\/types\/post"}],"author":[{"embeddable":true,"href":"https:\/\/skolski-puls.com.hr\/index.php?rest_route=\/wp\/v2\/users\/2"}],"replies":[{"embeddable":true,"href":"https:\/\/skolski-puls.com.hr\/index.php?rest_route=%2Fwp%2Fv2%2Fcomments&post=7700"}],"version-history":[{"count":1,"href":"https:\/\/skolski-puls.com.hr\/index.php?rest_route=\/wp\/v2\/posts\/7700\/revisions"}],"predecessor-version":[{"id":7708,"href":"https:\/\/skolski-puls.com.hr\/index.php?rest_route=\/wp\/v2\/posts\/7700\/revisions\/7708"}],"wp:featuredmedia":[{"embeddable":true,"href":"https:\/\/skolski-puls.com.hr\/index.php?rest_route=\/wp\/v2\/media\/7701"}],"wp:attachment":[{"href":"https:\/\/skolski-puls.com.hr\/index.php?rest_route=%2Fwp%2Fv2%2Fmedia&parent=7700"}],"wp:term":[{"taxonomy":"category","embeddable":true,"href":"https:\/\/skolski-puls.com.hr\/index.php?rest_route=%2Fwp%2Fv2%2Fcategories&post=7700"},{"taxonomy":"post_tag","embeddable":true,"href":"https:\/\/skolski-puls.com.hr\/index.php?rest_route=%2Fwp%2Fv2%2Ftags&post=7700"}],"curies":[{"name":"wp","href":"https:\/\/api.w.org\/{rel}","templated":true}]}}