{"id":7709,"date":"2024-10-23T10:07:01","date_gmt":"2024-10-23T10:07:01","guid":{"rendered":"https:\/\/skolski-puls.com.hr\/?p=7709"},"modified":"2024-10-24T07:27:30","modified_gmt":"2024-10-24T07:27:30","slug":"ucenici-nizih-razreda-usli-u-caroban-svijet-narodnih-bajki-s-jasnom-held","status":"publish","type":"post","link":"https:\/\/skolski-puls.com.hr\/?p=7709","title":{"rendered":"U\u010denici ni\u017eih razreda u\u0161li u \u010daroban svijet narodnih bajki s Jasnom Held"},"content":{"rendered":"<p>U petak ,18. listopada 2024. godine, u IV. osnovnu \u0161kolu Vara\u017edin do\u0161la je profesionalna pripovjeda\u010dica narodnih bajki <strong>Jasna Held<\/strong>. Satove pripovijedanja s Jasnom Held organizirala je \u0161k. knji\u017eni\u010darka <strong>Marina Mavrek<\/strong> povodom<em> Mjeseca hrvatske knjige<\/em>.<\/p>\n<p>Gospo\u0111a Held ovim zanimanjem po\u010dela se baviti po\u010detkom 90-tih kada je njezin rodni grad,Dubrovnik, bio pod napadom. Sve je po\u010delo kada se s obitelji za vrijeme rata skrivala u skloni\u0161tu te joj je tada devetogodi\u0161nja k\u0107i pri\u0161la i zamolila da joj ispri\u010da bajku. Jasna je vidjela koliko je njezino pripovijedanje usre\u0107ilo njenu ,a kasnije i drugu djecu, no to nije bio prvi put da je osjetila posebnu \u010dar bajki .Oduvijek ih je voljela i \u010ditala i s njima rje\u0161avala i adolescentske probleme. Shvatila je \u010dime se \u017eeli baviti kada se na\u0161la na gostovanju njema\u010dkih umjetnika u Gradu.S njima je bila profesionalna pripovjeda\u010dica bajki i u tom je trenutku Jasna pomislila da bi se i ona mogla time baviti. Registrirala je tvrtku i sredinom devedesetih po\u010dela pri\u010dati bajke svima koji su ih \u017eeljeli \u010duti.Svojim zanimanjem bavi se i dan danas te je prvim i drugim razredima na\u0161e \u0161kole pripovijedala bajku o biku Modronji i kraljevni. U\u010denicima se svidjela bajka. Na\u010dinom pripovijedanja Jasna Held je dodatno zainteresirala djecu te su znati\u017eeljno pratili i i\u0161\u010dekivali zavr\u0161etak pri\u010de. U bajci su u\u017eivali i u\u010denici tre\u0107ih i \u010detvrtih razreda.<\/p>\n<p>Jasna Held pripovijeda samo izvorne narodne bajke i pri\u010de koje je sve te\u017ee prona\u0107i jer ih\u00a0 sve manje ljudi prenosi.Svojim pripovijedanjem \u017eeli prenijeti jasnu poruku da bajke pripremaju za \u017eivot:dobro se nagra\u0111uje i zlo je uvijek ka\u017enjeno. Tu je poruku prenijela i na\u0161im u\u010denicima koji su u\u017eivali u dru\u017eenju s gospo\u0111om Held.<\/p>\n<div id='gallery-1' class='gallery galleryid-7709 gallery-columns-3 gallery-size-thumbnail'><figure class='gallery-item'>\n\t\t\t<div class='gallery-icon landscape'>\n\t\t\t\t<a href='https:\/\/skolski-puls.com.hr\/wp-content\/uploads\/2024\/10\/viber_slika_2024-10-21_10-47-22-386.jpg'><img loading=\"lazy\" decoding=\"async\" width=\"150\" height=\"150\" src=\"https:\/\/skolski-puls.com.hr\/wp-content\/uploads\/2024\/10\/viber_slika_2024-10-21_10-47-22-386-150x150.jpg\" class=\"attachment-thumbnail size-thumbnail\" alt=\"\" \/><\/a>\n\t\t\t<\/div><\/figure><figure class='gallery-item'>\n\t\t\t<div class='gallery-icon landscape'>\n\t\t\t\t<a href='https:\/\/skolski-puls.com.hr\/wp-content\/uploads\/2024\/10\/viber_slika_2024-10-21_10-48-02-563.jpg'><img loading=\"lazy\" decoding=\"async\" width=\"150\" height=\"150\" src=\"https:\/\/skolski-puls.com.hr\/wp-content\/uploads\/2024\/10\/viber_slika_2024-10-21_10-48-02-563-150x150.jpg\" class=\"attachment-thumbnail size-thumbnail\" alt=\"\" \/><\/a>\n\t\t\t<\/div><\/figure><figure class='gallery-item'>\n\t\t\t<div class='gallery-icon landscape'>\n\t\t\t\t<a href='https:\/\/skolski-puls.com.hr\/wp-content\/uploads\/2024\/10\/viber_slika_2024-10-21_10-47-07-369.jpg'><img loading=\"lazy\" decoding=\"async\" width=\"150\" height=\"150\" src=\"https:\/\/skolski-puls.com.hr\/wp-content\/uploads\/2024\/10\/viber_slika_2024-10-21_10-47-07-369-150x150.jpg\" class=\"attachment-thumbnail size-thumbnail\" alt=\"\" \/><\/a>\n\t\t\t<\/div><\/figure><figure class='gallery-item'>\n\t\t\t<div class='gallery-icon landscape'>\n\t\t\t\t<a href='https:\/\/skolski-puls.com.hr\/wp-content\/uploads\/2024\/10\/viber_slika_2024-10-21_10-46-47-520.jpg'><img loading=\"lazy\" decoding=\"async\" width=\"150\" height=\"150\" src=\"https:\/\/skolski-puls.com.hr\/wp-content\/uploads\/2024\/10\/viber_slika_2024-10-21_10-46-47-520-150x150.jpg\" class=\"attachment-thumbnail size-thumbnail\" alt=\"\" \/><\/a>\n\t\t\t<\/div><\/figure><figure class='gallery-item'>\n\t\t\t<div class='gallery-icon landscape'>\n\t\t\t\t<a href='https:\/\/skolski-puls.com.hr\/wp-content\/uploads\/2024\/10\/viber_slika_2024-10-21_10-48-25-993.jpg'><img loading=\"lazy\" decoding=\"async\" width=\"150\" height=\"150\" src=\"https:\/\/skolski-puls.com.hr\/wp-content\/uploads\/2024\/10\/viber_slika_2024-10-21_10-48-25-993-150x150.jpg\" class=\"attachment-thumbnail size-thumbnail\" alt=\"\" \/><\/a>\n\t\t\t<\/div><\/figure><figure class='gallery-item'>\n\t\t\t<div class='gallery-icon landscape'>\n\t\t\t\t<a href='https:\/\/skolski-puls.com.hr\/wp-content\/uploads\/2024\/10\/viber_slika_2024-10-21_10-48-47-658.jpg'><img loading=\"lazy\" decoding=\"async\" width=\"150\" height=\"150\" src=\"https:\/\/skolski-puls.com.hr\/wp-content\/uploads\/2024\/10\/viber_slika_2024-10-21_10-48-47-658-150x150.jpg\" class=\"attachment-thumbnail size-thumbnail\" alt=\"\" \/><\/a>\n\t\t\t<\/div><\/figure>\n\t\t<\/div>\n\n<p>Vina Stolnik, 8.b<\/p>\n<p>Gordana Mileti\u0107, 8.b<\/p>\n","protected":false},"excerpt":{"rendered":"<p>U petak ,18. listopada 2024. godine, u IV. osnovnu \u0161kolu Vara\u017edin do\u0161la je profesionalna pripovjeda\u010dica narodnih bajki Jasna Held. Satove pripovijedanja s Jasnom Held organizirala je \u0161k. knji\u017eni\u010darka Marina Mavrek povodom Mjeseca hrvatske knjige. Gospo\u0111a Held ovim zanimanjem po\u010dela se baviti po\u010detkom 90-tih kada je njezin rodni grad,Dubrovnik, bio pod napadom. Sve je po\u010delo kada [&hellip;]<\/p>\n","protected":false},"author":2,"featured_media":7704,"comment_status":"open","ping_status":"open","sticky":false,"template":"","format":"standard","meta":{"footnotes":""},"categories":[14],"tags":[],"class_list":["post-7709","post","type-post","status-publish","format-standard","has-post-thumbnail","hentry","category-iz-skolskog-hodnika"],"_links":{"self":[{"href":"https:\/\/skolski-puls.com.hr\/index.php?rest_route=\/wp\/v2\/posts\/7709","targetHints":{"allow":["GET"]}}],"collection":[{"href":"https:\/\/skolski-puls.com.hr\/index.php?rest_route=\/wp\/v2\/posts"}],"about":[{"href":"https:\/\/skolski-puls.com.hr\/index.php?rest_route=\/wp\/v2\/types\/post"}],"author":[{"embeddable":true,"href":"https:\/\/skolski-puls.com.hr\/index.php?rest_route=\/wp\/v2\/users\/2"}],"replies":[{"embeddable":true,"href":"https:\/\/skolski-puls.com.hr\/index.php?rest_route=%2Fwp%2Fv2%2Fcomments&post=7709"}],"version-history":[{"count":2,"href":"https:\/\/skolski-puls.com.hr\/index.php?rest_route=\/wp\/v2\/posts\/7709\/revisions"}],"predecessor-version":[{"id":7723,"href":"https:\/\/skolski-puls.com.hr\/index.php?rest_route=\/wp\/v2\/posts\/7709\/revisions\/7723"}],"wp:featuredmedia":[{"embeddable":true,"href":"https:\/\/skolski-puls.com.hr\/index.php?rest_route=\/wp\/v2\/media\/7704"}],"wp:attachment":[{"href":"https:\/\/skolski-puls.com.hr\/index.php?rest_route=%2Fwp%2Fv2%2Fmedia&parent=7709"}],"wp:term":[{"taxonomy":"category","embeddable":true,"href":"https:\/\/skolski-puls.com.hr\/index.php?rest_route=%2Fwp%2Fv2%2Fcategories&post=7709"},{"taxonomy":"post_tag","embeddable":true,"href":"https:\/\/skolski-puls.com.hr\/index.php?rest_route=%2Fwp%2Fv2%2Ftags&post=7709"}],"curies":[{"name":"wp","href":"https:\/\/api.w.org\/{rel}","templated":true}]}}