{"id":8109,"date":"2024-12-09T08:59:53","date_gmt":"2024-12-09T08:59:53","guid":{"rendered":"https:\/\/skolski-puls.com.hr\/?p=8109"},"modified":"2024-12-09T08:59:53","modified_gmt":"2024-12-09T08:59:53","slug":"dani-otvorenih-vrata-centra-za-odgoj-i-obrazovanje-tomislav-spoljar","status":"publish","type":"post","link":"https:\/\/skolski-puls.com.hr\/?p=8109","title":{"rendered":"Dani otvorenih vrata Centra za odgoj i obrazovanje Tomislav \u0160poljar"},"content":{"rendered":"<p>Povodom Me\u0111unarodnog dana osoba s invaliditetom koji se obilje\u017eava 3. prosinca 2024. godine, kao dio projekta &#8220;JA sam JA&#8221;, s ciljem brisanja stigme prema u\u010denicima s te\u0161ko\u0107ama u razvoju organizirani su Dani otvorenih vrata<strong> Centra za odgoj i obrazovanje Tomislav \u0160poljar<\/strong>.<\/p>\n<p>Za u\u010denike razredne nastave organizirano je sudjelovanje na satovima u Centru s u\u010denicima s te\u0161ko\u0107ama u razvoju. Za predmetnu su se nastavu odr\u017eavale radionice pod vodstvom stru\u010dnih suradnika iz Centra. Odr\u017ean je i okrugli stol za u\u010ditelje i stru\u010dne suradnike u pratnji u\u010denika koji dolaze u Centar s temom izazova u inkluziji u\u010denika s te\u0161ko\u0107ama u razvoju.<\/p>\n<p>U pratnji u\u010diteljice <strong>Silvije Hrn\u010di\u0107<\/strong> Centar za odgoj i obrazovanje Tomislav \u0160poljar posjetili su u\u010denici<strong> Lucija Pofuk 5.c, Ivan Masten 8.c, Matija Vincek 8.c, Tin Ore\u0161ki 8.c te Viktor Olja Vidovi\u0107 8.c\u00a0<\/strong>te su sudjelovali u pripremljenim aktivnostima povodom Dana otvorenih vrata.<\/p>\n<p><img loading=\"lazy\" decoding=\"async\" class=\"alignnone size-full wp-image-8112\" src=\"https:\/\/skolski-puls.com.hr\/wp-content\/uploads\/2024\/12\/viber_slika_2024-12-06_09-21-46-495.jpg\" alt=\"\" width=\"1200\" height=\"900\" srcset=\"https:\/\/skolski-puls.com.hr\/wp-content\/uploads\/2024\/12\/viber_slika_2024-12-06_09-21-46-495.jpg 1200w, https:\/\/skolski-puls.com.hr\/wp-content\/uploads\/2024\/12\/viber_slika_2024-12-06_09-21-46-495-1024x768.jpg 1024w, https:\/\/skolski-puls.com.hr\/wp-content\/uploads\/2024\/12\/viber_slika_2024-12-06_09-21-46-495-768x576.jpg 768w, https:\/\/skolski-puls.com.hr\/wp-content\/uploads\/2024\/12\/viber_slika_2024-12-06_09-21-46-495-80x60.jpg 80w, https:\/\/skolski-puls.com.hr\/wp-content\/uploads\/2024\/12\/viber_slika_2024-12-06_09-21-46-495-245x184.jpg 245w, https:\/\/skolski-puls.com.hr\/wp-content\/uploads\/2024\/12\/viber_slika_2024-12-06_09-21-46-495-260x195.jpg 260w, https:\/\/skolski-puls.com.hr\/wp-content\/uploads\/2024\/12\/viber_slika_2024-12-06_09-21-46-495-640x480.jpg 640w\" sizes=\"auto, (max-width: 1200px) 100vw, 1200px\" \/><\/p>\n","protected":false},"excerpt":{"rendered":"<p>Povodom Me\u0111unarodnog dana osoba s invaliditetom koji se obilje\u017eava 3. prosinca 2024. godine, kao dio projekta &#8220;JA sam JA&#8221;, s ciljem brisanja stigme prema u\u010denicima s te\u0161ko\u0107ama u razvoju organizirani su Dani otvorenih vrata Centra za odgoj i obrazovanje Tomislav \u0160poljar. Za u\u010denike razredne nastave organizirano je sudjelovanje na satovima u Centru s u\u010denicima s [&hellip;]<\/p>\n","protected":false},"author":2,"featured_media":8113,"comment_status":"open","ping_status":"open","sticky":false,"template":"","format":"standard","meta":{"footnotes":""},"categories":[14,15],"tags":[],"class_list":["post-8109","post","type-post","status-publish","format-standard","has-post-thumbnail","hentry","category-iz-skolskog-hodnika","category-projekti"],"_links":{"self":[{"href":"https:\/\/skolski-puls.com.hr\/index.php?rest_route=\/wp\/v2\/posts\/8109","targetHints":{"allow":["GET"]}}],"collection":[{"href":"https:\/\/skolski-puls.com.hr\/index.php?rest_route=\/wp\/v2\/posts"}],"about":[{"href":"https:\/\/skolski-puls.com.hr\/index.php?rest_route=\/wp\/v2\/types\/post"}],"author":[{"embeddable":true,"href":"https:\/\/skolski-puls.com.hr\/index.php?rest_route=\/wp\/v2\/users\/2"}],"replies":[{"embeddable":true,"href":"https:\/\/skolski-puls.com.hr\/index.php?rest_route=%2Fwp%2Fv2%2Fcomments&post=8109"}],"version-history":[{"count":1,"href":"https:\/\/skolski-puls.com.hr\/index.php?rest_route=\/wp\/v2\/posts\/8109\/revisions"}],"predecessor-version":[{"id":8114,"href":"https:\/\/skolski-puls.com.hr\/index.php?rest_route=\/wp\/v2\/posts\/8109\/revisions\/8114"}],"wp:featuredmedia":[{"embeddable":true,"href":"https:\/\/skolski-puls.com.hr\/index.php?rest_route=\/wp\/v2\/media\/8113"}],"wp:attachment":[{"href":"https:\/\/skolski-puls.com.hr\/index.php?rest_route=%2Fwp%2Fv2%2Fmedia&parent=8109"}],"wp:term":[{"taxonomy":"category","embeddable":true,"href":"https:\/\/skolski-puls.com.hr\/index.php?rest_route=%2Fwp%2Fv2%2Fcategories&post=8109"},{"taxonomy":"post_tag","embeddable":true,"href":"https:\/\/skolski-puls.com.hr\/index.php?rest_route=%2Fwp%2Fv2%2Ftags&post=8109"}],"curies":[{"name":"wp","href":"https:\/\/api.w.org\/{rel}","templated":true}]}}