{"id":8153,"date":"2024-12-17T08:08:56","date_gmt":"2024-12-17T08:08:56","guid":{"rendered":"https:\/\/skolski-puls.com.hr\/?p=8153"},"modified":"2024-12-17T08:08:56","modified_gmt":"2024-12-17T08:08:56","slug":"mia-herceg-i-sofija-sambar-na-veceri-poezije-na-njemackom-jeziku-daf-poesieabend","status":"publish","type":"post","link":"https:\/\/skolski-puls.com.hr\/?p=8153","title":{"rendered":"Mia Herceg i Sofija \u0160ambar na Ve\u010deri poezije na njema\u010dkom jeziku \u2013 DaF Poesieabend"},"content":{"rendered":"<p>U petak, 13.prosinca, odr\u017eala se u organizaciji Elektrostrojarske \u0161kole uz potporu udruge EKULT <em><strong>Ve\u010der poezije na njema\u010dkom jeziku \u2013 DaF Poesieabend<\/strong><\/em>. Sudjelovalo je 10 osnovnih i srednjih \u0161kola s podru\u010dja Vara\u017edinske \u017eupanije, oko 30 u\u010denika i u\u010denica, koji su \u010ditanjem i recitiranjem poezije na njema\u010dkom jeziku u\u010dinili ve\u010der \u010darobnom.<br \/>\nU\u010denice<strong> 5.b<\/strong> razreda, <strong>Mia Herceg i Sofija \u0160ambar<\/strong> predstavljale su IV. osnovnu \u0161kolu pod mentorstvom u\u010diteljice <strong>Sare Mlakar.<\/strong><\/p>\n<div id='gallery-1' class='gallery galleryid-8153 gallery-columns-3 gallery-size-thumbnail'><figure class='gallery-item'>\n\t\t\t<div class='gallery-icon portrait'>\n\t\t\t\t<a href='https:\/\/skolski-puls.com.hr\/wp-content\/uploads\/2024\/12\/viber_slika_2024-12-16_16-49-12-695.jpg'><img loading=\"lazy\" decoding=\"async\" width=\"150\" height=\"150\" src=\"https:\/\/skolski-puls.com.hr\/wp-content\/uploads\/2024\/12\/viber_slika_2024-12-16_16-49-12-695-150x150.jpg\" class=\"attachment-thumbnail size-thumbnail\" alt=\"\" \/><\/a>\n\t\t\t<\/div><\/figure><figure class='gallery-item'>\n\t\t\t<div class='gallery-icon portrait'>\n\t\t\t\t<a href='https:\/\/skolski-puls.com.hr\/wp-content\/uploads\/2024\/12\/viber_slika_2024-12-16_16-49-13-141.jpg'><img loading=\"lazy\" decoding=\"async\" width=\"150\" height=\"150\" src=\"https:\/\/skolski-puls.com.hr\/wp-content\/uploads\/2024\/12\/viber_slika_2024-12-16_16-49-13-141-150x150.jpg\" class=\"attachment-thumbnail size-thumbnail\" alt=\"\" \/><\/a>\n\t\t\t<\/div><\/figure><figure class='gallery-item'>\n\t\t\t<div class='gallery-icon landscape'>\n\t\t\t\t<a href='https:\/\/skolski-puls.com.hr\/wp-content\/uploads\/2024\/12\/viber_slika_2024-12-16_16-49-12-735.jpg'><img loading=\"lazy\" decoding=\"async\" width=\"150\" height=\"150\" src=\"https:\/\/skolski-puls.com.hr\/wp-content\/uploads\/2024\/12\/viber_slika_2024-12-16_16-49-12-735-150x150.jpg\" class=\"attachment-thumbnail size-thumbnail\" alt=\"\" \/><\/a>\n\t\t\t<\/div><\/figure>\n\t\t<\/div>\n\n","protected":false},"excerpt":{"rendered":"<p>U petak, 13.prosinca, odr\u017eala se u organizaciji Elektrostrojarske \u0161kole uz potporu udruge EKULT Ve\u010der poezije na njema\u010dkom jeziku \u2013 DaF Poesieabend. Sudjelovalo je 10 osnovnih i srednjih \u0161kola s podru\u010dja Vara\u017edinske \u017eupanije, oko 30 u\u010denika i u\u010denica, koji su \u010ditanjem i recitiranjem poezije na njema\u010dkom jeziku u\u010dinili ve\u010der \u010darobnom. U\u010denice 5.b razreda, Mia Herceg i [&hellip;]<\/p>\n","protected":false},"author":2,"featured_media":8155,"comment_status":"open","ping_status":"open","sticky":false,"template":"","format":"standard","meta":{"footnotes":""},"categories":[14],"tags":[],"class_list":["post-8153","post","type-post","status-publish","format-standard","has-post-thumbnail","hentry","category-iz-skolskog-hodnika"],"_links":{"self":[{"href":"https:\/\/skolski-puls.com.hr\/index.php?rest_route=\/wp\/v2\/posts\/8153","targetHints":{"allow":["GET"]}}],"collection":[{"href":"https:\/\/skolski-puls.com.hr\/index.php?rest_route=\/wp\/v2\/posts"}],"about":[{"href":"https:\/\/skolski-puls.com.hr\/index.php?rest_route=\/wp\/v2\/types\/post"}],"author":[{"embeddable":true,"href":"https:\/\/skolski-puls.com.hr\/index.php?rest_route=\/wp\/v2\/users\/2"}],"replies":[{"embeddable":true,"href":"https:\/\/skolski-puls.com.hr\/index.php?rest_route=%2Fwp%2Fv2%2Fcomments&post=8153"}],"version-history":[{"count":1,"href":"https:\/\/skolski-puls.com.hr\/index.php?rest_route=\/wp\/v2\/posts\/8153\/revisions"}],"predecessor-version":[{"id":8157,"href":"https:\/\/skolski-puls.com.hr\/index.php?rest_route=\/wp\/v2\/posts\/8153\/revisions\/8157"}],"wp:featuredmedia":[{"embeddable":true,"href":"https:\/\/skolski-puls.com.hr\/index.php?rest_route=\/wp\/v2\/media\/8155"}],"wp:attachment":[{"href":"https:\/\/skolski-puls.com.hr\/index.php?rest_route=%2Fwp%2Fv2%2Fmedia&parent=8153"}],"wp:term":[{"taxonomy":"category","embeddable":true,"href":"https:\/\/skolski-puls.com.hr\/index.php?rest_route=%2Fwp%2Fv2%2Fcategories&post=8153"},{"taxonomy":"post_tag","embeddable":true,"href":"https:\/\/skolski-puls.com.hr\/index.php?rest_route=%2Fwp%2Fv2%2Ftags&post=8153"}],"curies":[{"name":"wp","href":"https:\/\/api.w.org\/{rel}","templated":true}]}}