{"id":8218,"date":"2025-02-04T11:32:59","date_gmt":"2025-02-04T11:32:59","guid":{"rendered":"https:\/\/skolski-puls.com.hr\/?p=8218"},"modified":"2025-02-04T11:32:59","modified_gmt":"2025-02-04T11:32:59","slug":"vrsnjacko-nasilje-cyberbullying","status":"publish","type":"post","link":"https:\/\/skolski-puls.com.hr\/?p=8218","title":{"rendered":"&#8220;Vr\u0161nja\u010dko nasilje &#8211; Cyberbullying&#8221;"},"content":{"rendered":"<p>Dana 3. i 4. velja\u010de policijski slu\u017ebenik za preventivne programe iz Policijske postaje Vara\u017edin, <strong>g. Sini\u0161a Lah,<\/strong> u\u010denicima sedmih i osmih razreda odr\u017eao je zanimljivo predavanje na temu: &#8220;Vr\u0161nja\u010dko nasilje &#8211; Cyberbullying&#8221;. Cilj predavanja je podi\u0107i razinu empatije i odgovornosti kod u\u010denika kako bi se prevenirala neprihvatljiva pona\u0161anja koja se odnose na vrije\u0111anje i omalova\u017eavanje vr\u0161njaka putem dru\u0161tvenih mre\u017ea. U\u010denici su dobili korisne informacije o prekr\u0161ajnim mjerama kao i mogu\u0107im sankcijama za neprihvatljiva pona\u0161anja. Kroz konkretne primjere osvijestili su posljedice svojih rije\u010di i postupaka, u\u017eivo i online.<\/p>\n<p>Kona\u010dan zaklju\u010dak je da u\u010denici moraju razvijati empatiju prema svojim vr\u0161njacima i kriti\u010dko mi\u0161ljenje o vlastitom pona\u0161anju.<\/p>\n<div id='gallery-1' class='gallery galleryid-8218 gallery-columns-3 gallery-size-thumbnail'><figure class='gallery-item'>\n\t\t\t<div class='gallery-icon landscape'>\n\t\t\t\t<a href='https:\/\/skolski-puls.com.hr\/wp-content\/uploads\/2025\/02\/IMG20250203104903.jpg'><img loading=\"lazy\" decoding=\"async\" width=\"150\" height=\"150\" src=\"https:\/\/skolski-puls.com.hr\/wp-content\/uploads\/2025\/02\/IMG20250203104903-150x150.jpg\" class=\"attachment-thumbnail size-thumbnail\" alt=\"\" \/><\/a>\n\t\t\t<\/div><\/figure><figure class='gallery-item'>\n\t\t\t<div class='gallery-icon landscape'>\n\t\t\t\t<a href='https:\/\/skolski-puls.com.hr\/wp-content\/uploads\/2025\/02\/IMG20250203110732.jpg'><img loading=\"lazy\" decoding=\"async\" width=\"150\" height=\"150\" src=\"https:\/\/skolski-puls.com.hr\/wp-content\/uploads\/2025\/02\/IMG20250203110732-150x150.jpg\" class=\"attachment-thumbnail size-thumbnail\" alt=\"\" \/><\/a>\n\t\t\t<\/div><\/figure><figure class='gallery-item'>\n\t\t\t<div class='gallery-icon landscape'>\n\t\t\t\t<a href='https:\/\/skolski-puls.com.hr\/wp-content\/uploads\/2025\/02\/IMG_20250203_100458.jpg'><img loading=\"lazy\" decoding=\"async\" width=\"150\" height=\"150\" src=\"https:\/\/skolski-puls.com.hr\/wp-content\/uploads\/2025\/02\/IMG_20250203_100458-150x150.jpg\" class=\"attachment-thumbnail size-thumbnail\" alt=\"\" \/><\/a>\n\t\t\t<\/div><\/figure><figure class='gallery-item'>\n\t\t\t<div class='gallery-icon landscape'>\n\t\t\t\t<a href='https:\/\/skolski-puls.com.hr\/wp-content\/uploads\/2025\/02\/IMG_20250203_100512.jpg'><img loading=\"lazy\" decoding=\"async\" width=\"150\" height=\"150\" src=\"https:\/\/skolski-puls.com.hr\/wp-content\/uploads\/2025\/02\/IMG_20250203_100512-150x150.jpg\" class=\"attachment-thumbnail size-thumbnail\" alt=\"\" \/><\/a>\n\t\t\t<\/div><\/figure><figure class='gallery-item'>\n\t\t\t<div class='gallery-icon portrait'>\n\t\t\t\t<a href='https:\/\/skolski-puls.com.hr\/wp-content\/uploads\/2025\/02\/IMG_20250203_100524.jpg'><img loading=\"lazy\" decoding=\"async\" width=\"150\" height=\"150\" src=\"https:\/\/skolski-puls.com.hr\/wp-content\/uploads\/2025\/02\/IMG_20250203_100524-150x150.jpg\" class=\"attachment-thumbnail size-thumbnail\" alt=\"\" \/><\/a>\n\t\t\t<\/div><\/figure>\n\t\t<\/div>\n\n","protected":false},"excerpt":{"rendered":"<p>Dana 3. i 4. velja\u010de policijski slu\u017ebenik za preventivne programe iz Policijske postaje Vara\u017edin, g. Sini\u0161a Lah, u\u010denicima sedmih i osmih razreda odr\u017eao je zanimljivo predavanje na temu: &#8220;Vr\u0161nja\u010dko nasilje &#8211; Cyberbullying&#8221;. Cilj predavanja je podi\u0107i razinu empatije i odgovornosti kod u\u010denika kako bi se prevenirala neprihvatljiva pona\u0161anja koja se odnose na vrije\u0111anje i omalova\u017eavanje [&hellip;]<\/p>\n","protected":false},"author":2,"featured_media":8223,"comment_status":"open","ping_status":"open","sticky":false,"template":"","format":"standard","meta":{"footnotes":""},"categories":[15],"tags":[],"class_list":["post-8218","post","type-post","status-publish","format-standard","has-post-thumbnail","hentry","category-projekti"],"_links":{"self":[{"href":"https:\/\/skolski-puls.com.hr\/index.php?rest_route=\/wp\/v2\/posts\/8218","targetHints":{"allow":["GET"]}}],"collection":[{"href":"https:\/\/skolski-puls.com.hr\/index.php?rest_route=\/wp\/v2\/posts"}],"about":[{"href":"https:\/\/skolski-puls.com.hr\/index.php?rest_route=\/wp\/v2\/types\/post"}],"author":[{"embeddable":true,"href":"https:\/\/skolski-puls.com.hr\/index.php?rest_route=\/wp\/v2\/users\/2"}],"replies":[{"embeddable":true,"href":"https:\/\/skolski-puls.com.hr\/index.php?rest_route=%2Fwp%2Fv2%2Fcomments&post=8218"}],"version-history":[{"count":1,"href":"https:\/\/skolski-puls.com.hr\/index.php?rest_route=\/wp\/v2\/posts\/8218\/revisions"}],"predecessor-version":[{"id":8224,"href":"https:\/\/skolski-puls.com.hr\/index.php?rest_route=\/wp\/v2\/posts\/8218\/revisions\/8224"}],"wp:featuredmedia":[{"embeddable":true,"href":"https:\/\/skolski-puls.com.hr\/index.php?rest_route=\/wp\/v2\/media\/8223"}],"wp:attachment":[{"href":"https:\/\/skolski-puls.com.hr\/index.php?rest_route=%2Fwp%2Fv2%2Fmedia&parent=8218"}],"wp:term":[{"taxonomy":"category","embeddable":true,"href":"https:\/\/skolski-puls.com.hr\/index.php?rest_route=%2Fwp%2Fv2%2Fcategories&post=8218"},{"taxonomy":"post_tag","embeddable":true,"href":"https:\/\/skolski-puls.com.hr\/index.php?rest_route=%2Fwp%2Fv2%2Ftags&post=8218"}],"curies":[{"name":"wp","href":"https:\/\/api.w.org\/{rel}","templated":true}]}}