{"id":8350,"date":"2025-02-21T07:32:24","date_gmt":"2025-02-21T07:32:24","guid":{"rendered":"https:\/\/skolski-puls.com.hr\/?p=8350"},"modified":"2025-02-21T07:32:24","modified_gmt":"2025-02-21T07:32:24","slug":"vjeronaucna-skupina-volonteri-volontirali-u-socijalnoj-samoposluzi-kruh-sv-antuna-u-varazdinu","status":"publish","type":"post","link":"https:\/\/skolski-puls.com.hr\/?p=8350","title":{"rendered":"Vjeronau\u010dna skupina \u201eVolonteri\u201c volontirali u Socijalnoj samoposluzi \u201eKruh sv. Antuna\u201c u Vara\u017edinu"},"content":{"rendered":"<p>U ponedjeljak, 17. velja\u010de 2025. godine, u poslijepodnevnim satima \u201e<strong>Vjeronau\u010dna skupina &#8211; Volonteri\u201c<\/strong> , u\u010denici <strong>8.-ih<\/strong> razreda uz pratnju vjerou\u010diteljice <strong>Aleksandre Lukave\u010dki<\/strong> uputili su se u <strong>Socijalnu samoposlugu \u201eKruh sv. Antuna\u201c<\/strong> u Vara\u017edinu. Sa sobom su od ku\u0107e donijeli \u017eive\u017ene namirnice i higijenske potrep\u0161tine kako bi konkretno pomogli ljudima u potrebi.<\/p>\n<p>Na po\u010detku susreta je volontere s radom Socijalne samoposluge upoznala voditeljica Katica Beljan.<\/p>\n<p>Nakon toga su volonteri pomagali u organizaciji i razvrstavanju prehrambenih namirnica i higijenskih potrep\u0161tina. U\u010denicima volonterima nije bilo nimalo te\u0161ko, ve\u0107 im je bilo drago da svojim radom, dobrovoljnim ulaganjem vremena, truda i vje\u0161tina u\u010dine ne\u0161to dobro za druge.<\/p>\n<p>Vjerou\u010diteljica Aleksandra Lukave\u010dki<\/p>\n<div id='gallery-1' class='gallery galleryid-8350 gallery-columns-3 gallery-size-thumbnail'><figure class='gallery-item'>\n\t\t\t<div class='gallery-icon portrait'>\n\t\t\t\t<a href='https:\/\/skolski-puls.com.hr\/wp-content\/uploads\/2025\/02\/1739949682003.jpg'><img loading=\"lazy\" decoding=\"async\" width=\"150\" height=\"150\" src=\"https:\/\/skolski-puls.com.hr\/wp-content\/uploads\/2025\/02\/1739949682003-150x150.jpg\" class=\"attachment-thumbnail size-thumbnail\" alt=\"\" \/><\/a>\n\t\t\t<\/div><\/figure><figure class='gallery-item'>\n\t\t\t<div class='gallery-icon portrait'>\n\t\t\t\t<a href='https:\/\/skolski-puls.com.hr\/wp-content\/uploads\/2025\/02\/1739949648465.jpg'><img loading=\"lazy\" decoding=\"async\" width=\"150\" height=\"150\" src=\"https:\/\/skolski-puls.com.hr\/wp-content\/uploads\/2025\/02\/1739949648465-150x150.jpg\" class=\"attachment-thumbnail size-thumbnail\" alt=\"\" \/><\/a>\n\t\t\t<\/div><\/figure><figure class='gallery-item'>\n\t\t\t<div class='gallery-icon landscape'>\n\t\t\t\t<a href='https:\/\/skolski-puls.com.hr\/wp-content\/uploads\/2025\/02\/1739949559583.jpg'><img loading=\"lazy\" decoding=\"async\" width=\"150\" height=\"150\" src=\"https:\/\/skolski-puls.com.hr\/wp-content\/uploads\/2025\/02\/1739949559583-150x150.jpg\" class=\"attachment-thumbnail size-thumbnail\" alt=\"\" \/><\/a>\n\t\t\t<\/div><\/figure>\n\t\t<\/div>\n\n","protected":false},"excerpt":{"rendered":"<p>U ponedjeljak, 17. velja\u010de 2025. godine, u poslijepodnevnim satima \u201eVjeronau\u010dna skupina &#8211; Volonteri\u201c , u\u010denici 8.-ih razreda uz pratnju vjerou\u010diteljice Aleksandre Lukave\u010dki uputili su se u Socijalnu samoposlugu \u201eKruh sv. Antuna\u201c u Vara\u017edinu. Sa sobom su od ku\u0107e donijeli \u017eive\u017ene namirnice i higijenske potrep\u0161tine kako bi konkretno pomogli ljudima u potrebi. Na po\u010detku susreta je [&hellip;]<\/p>\n","protected":false},"author":2,"featured_media":8353,"comment_status":"open","ping_status":"open","sticky":false,"template":"","format":"standard","meta":{"footnotes":""},"categories":[14],"tags":[],"class_list":["post-8350","post","type-post","status-publish","format-standard","has-post-thumbnail","hentry","category-iz-skolskog-hodnika"],"_links":{"self":[{"href":"https:\/\/skolski-puls.com.hr\/index.php?rest_route=\/wp\/v2\/posts\/8350","targetHints":{"allow":["GET"]}}],"collection":[{"href":"https:\/\/skolski-puls.com.hr\/index.php?rest_route=\/wp\/v2\/posts"}],"about":[{"href":"https:\/\/skolski-puls.com.hr\/index.php?rest_route=\/wp\/v2\/types\/post"}],"author":[{"embeddable":true,"href":"https:\/\/skolski-puls.com.hr\/index.php?rest_route=\/wp\/v2\/users\/2"}],"replies":[{"embeddable":true,"href":"https:\/\/skolski-puls.com.hr\/index.php?rest_route=%2Fwp%2Fv2%2Fcomments&post=8350"}],"version-history":[{"count":1,"href":"https:\/\/skolski-puls.com.hr\/index.php?rest_route=\/wp\/v2\/posts\/8350\/revisions"}],"predecessor-version":[{"id":8354,"href":"https:\/\/skolski-puls.com.hr\/index.php?rest_route=\/wp\/v2\/posts\/8350\/revisions\/8354"}],"wp:featuredmedia":[{"embeddable":true,"href":"https:\/\/skolski-puls.com.hr\/index.php?rest_route=\/wp\/v2\/media\/8353"}],"wp:attachment":[{"href":"https:\/\/skolski-puls.com.hr\/index.php?rest_route=%2Fwp%2Fv2%2Fmedia&parent=8350"}],"wp:term":[{"taxonomy":"category","embeddable":true,"href":"https:\/\/skolski-puls.com.hr\/index.php?rest_route=%2Fwp%2Fv2%2Fcategories&post=8350"},{"taxonomy":"post_tag","embeddable":true,"href":"https:\/\/skolski-puls.com.hr\/index.php?rest_route=%2Fwp%2Fv2%2Ftags&post=8350"}],"curies":[{"name":"wp","href":"https:\/\/api.w.org\/{rel}","templated":true}]}}